{"id":54630,"date":"2023-04-27T08:47:03","date_gmt":"2023-04-27T13:47:03","guid":{"rendered":"http:\/\/www.zonaroja.com.mx\/?p=54630"},"modified":"2023-04-27T08:47:05","modified_gmt":"2023-04-27T13:47:05","slug":"manana-inicia-en-xoxocotlan-la-jornada-de-la-paz-y-seguridad","status":"publish","type":"post","link":"https:\/\/zonaroja.com.mx\/?p=54630","title":{"rendered":"Ma\u00f1ana inicia en Xoxocotl\u00e1n la Jornada de la Paz y Seguridad"},"content":{"rendered":"\n<p>Redacci\u00f3n\/Zona Roja.<\/p>\n\n\n\n<p>Oaxaca de Ju\u00e1rez, Oax., a 27 de abril de 2023.- Este viernes el gobierno municipal de Santa Cruz Xoxocotl\u00e1n, que encabeza Inocente Castellanos Alejos, ser\u00e1 el anfitri\u00f3n de la Quinta Jornada de la Paz y Seguridad que promueve la Secretaria Ejecutiva del Sistema Estatal de Seguridad P\u00fablica de Oaxaca, Karina Bar\u00f3n Ortiz, la cual se llevar\u00e1 a cabo en el parque municipal.<\/p>\n\n\n\n<p>La actividad que ya se ha desarrollado en diferentes regiones de Oaxaca ofrecer\u00e1 una serie de servicios gratuitos, que tienen como finalidad evitar el crecimiento de los \u00edndices de violencia hacia las ni\u00f1as, adolescentes y mujeres e incentivar las tareas de protecci\u00f3n a fin de inhibir los feminicidios.<\/p>\n\n\n\n<p>Al respecto, el edil \u201cChente\u201d Castellanos reiter\u00f3 su inter\u00e9s de trabajar en conjunto con las autoridades de los niveles estatal y federal en temas de tanta importancia como lo es el de la seguridad de las mujeres xoxe\u00f1as.<\/p>\n\n\n\n<p>\u201cCuando refiero que unidos avanzamos todos, es porque tengo claro que para enfrentar flagelos como la violencia contra las mujeres necesitamos sumar esfuerzos, m\u00e1s all\u00e1 de los colores, porque en los temas como la seguridad, el desarrollo, la educaci\u00f3n y el fortalecimiento econ\u00f3mico de la poblaci\u00f3n no caben las diferencias, quienes verdaderamente tenemos compromiso trabajamos coordinados sin m\u00e1s af\u00e1n que responder a las necesidades de la comunidad\u201d, dijo.<\/p>\n\n\n\n<p>El edil reconoci\u00f3 la disposici\u00f3n que ha tenido la titular del Secretariado Ejecutivo, Karina Bar\u00f3n Ortiz, para considerar a Xoxocotl\u00e1n como sede de esta importante actividad donde se har\u00e1n presentes con su servicio dependencias como el DIF Municipal, la Defensor\u00eda de los Derechos Humanos del Pueblo de Oaxaca y la Secretar\u00eda de las Mujeres con asesor\u00eda jur\u00eddica y orientaci\u00f3n psicol\u00f3gica, actividades l\u00fadicas para menores de edad y din\u00e1micas interactivas.<\/p>\n\n\n\n<p>Indic\u00f3 que tambi\u00e9n participan la Secretar\u00eda de Seguridad P\u00fablica, la Secretar\u00eda de Cultura y la Secretar\u00eda de Movilidad que ofrecer\u00e1n sesiones informativas sobre la prevenci\u00f3n de los diferentes tipos de violencia, talleres, actividades para el empoderamiento de las mujeres, entre muchas actividades m\u00e1s.<\/p>\n\n\n\n<p>Ser\u00e1n 25 las dependencias del Gobierno del Estado, la XXVIII Zona Militar, el Servicio Nacional de Empleo y en apoyo las que conforman la administraci\u00f3n municipal, las que se activar\u00e1n durante la Jornada de Paz y Seguridad en Xoxocotl\u00e1n y entre ellas, las que ofrecen tambi\u00e9n vinculaci\u00f3n y reclutamiento laboral, inform\u00f3.<\/p>\n\n\n\n<p>Por \u00faltimo, el presidente municipal invit\u00f3 a las mujeres de Xoxo y municipios aleda\u00f1os a participar en esta actividad que se desarrollar\u00e1 de las nueve de la ma\u00f1ana a las tres de la tarde, donde los servicios ser\u00e1n totalmente gratuitos.<\/p>\n","protected":false},"excerpt":{"rendered":"<p>Redacci\u00f3n\/Zona Roja. Oaxaca de Ju\u00e1rez, Oax., a 27 de abril de 2023.- Este viernes el&hellip;<\/p>\n","protected":false},"author":2,"featured_media":54627,"comment_status":"closed","ping_status":"open","sticky":false,"template":"","format":"standard","meta":{"_lmt_disableupdate":"","_lmt_disable":"","_jetpack_memberships_contains_paid_content":false,"footnotes":""},"categories":[109,47],"tags":[133],"class_list":["post-54630","post","type-post","status-publish","format-standard","has-post-thumbnail","hentry","category-minuto-a-minuto","category-zona-gris","tag-santa-cruz-xoxocotlan"],"jetpack_featured_media_url":"https:\/\/zonaroja.com.mx\/wp-content\/uploads\/2023\/04\/Jornada-de-paz-en-Xoxocotlan.jpg","jetpack_sharing_enabled":true,"_links":{"self":[{"href":"https:\/\/zonaroja.com.mx\/index.php?rest_route=\/wp\/v2\/posts\/54630","targetHints":{"allow":["GET"]}}],"collection":[{"href":"https:\/\/zonaroja.com.mx\/index.php?rest_route=\/wp\/v2\/posts"}],"about":[{"href":"https:\/\/zonaroja.com.mx\/index.php?rest_route=\/wp\/v2\/types\/post"}],"author":[{"embeddable":true,"href":"https:\/\/zonaroja.com.mx\/index.php?rest_route=\/wp\/v2\/users\/2"}],"replies":[{"embeddable":true,"href":"https:\/\/zonaroja.com.mx\/index.php?rest_route=%2Fwp%2Fv2%2Fcomments&post=54630"}],"version-history":[{"count":1,"href":"https:\/\/zonaroja.com.mx\/index.php?rest_route=\/wp\/v2\/posts\/54630\/revisions"}],"predecessor-version":[{"id":54631,"href":"https:\/\/zonaroja.com.mx\/index.php?rest_route=\/wp\/v2\/posts\/54630\/revisions\/54631"}],"wp:featuredmedia":[{"embeddable":true,"href":"https:\/\/zonaroja.com.mx\/index.php?rest_route=\/wp\/v2\/media\/54627"}],"wp:attachment":[{"href":"https:\/\/zonaroja.com.mx\/index.php?rest_route=%2Fwp%2Fv2%2Fmedia&parent=54630"}],"wp:term":[{"taxonomy":"category","embeddable":true,"href":"https:\/\/zonaroja.com.mx\/index.php?rest_route=%2Fwp%2Fv2%2Fcategories&post=54630"},{"taxonomy":"post_tag","embeddable":true,"href":"https:\/\/zonaroja.com.mx\/index.php?rest_route=%2Fwp%2Fv2%2Ftags&post=54630"}],"curies":[{"name":"wp","href":"https:\/\/api.w.org\/{rel}","templated":true}]}}