{"id":54650,"date":"2023-04-27T22:52:40","date_gmt":"2023-04-28T03:52:40","guid":{"rendered":"http:\/\/www.zonaroja.com.mx\/?p=54650"},"modified":"2023-04-27T22:52:48","modified_gmt":"2023-04-28T03:52:48","slug":"jueves-rojo-en-oaxaca-tres-ejecutados-a-balazos-y-agresiones-armadas","status":"publish","type":"post","link":"https:\/\/zonaroja.com.mx\/?p=54650","title":{"rendered":"Jueves rojo en Oaxaca: tres ejecutados a balazos y agresiones armadas"},"content":{"rendered":"\n<p>Ismael Garc\u00eda M.\/Zona Roja.<\/p>\n\n\n\n<p>Oaxaca de Ju\u00e1rez, Oax., a 27 de abril de 2023.- Los multihomicidos cotidianos no cesan en Oaxaca y en el transcurso de este jueves, fueron asesinadas tres personas; en dos sitios m\u00e1s se registraron ataques armados.<\/p>\n\n\n\n<p>Esta tarde, en el municipio de San Miguel, perteneciente al distrito de Ejutla, en la regi\u00f3n Valles Centrales, fueron ultimadas dos personas, identificadas de manera preliminar como Carlos \u201cN\u201d, de 38 a\u00f1os de edad, y Apolonio \u201cN\u201d, de 40 a\u00f1os.<\/p>\n\n\n\n<p>Fueron agredidos en la calle Morelos, presuntamente por sujetos que viajaban a bordo de una motocicleta y que lograron darse a la fuga.<\/p>\n\n\n\n<p>Tambi\u00e9n durante la tarde de hoy pero en Juchit\u00e1n de Zaragoza, regi\u00f3n del Istmo, un individuo fue atacado a balazos en el barrio Quinta Secci\u00f3n.<\/p>\n\n\n\n<p>Fue trasladado de emergencia a un hospital, donde posteriormente perdi\u00f3 la vida; la v\u00edctima fue identificada como Mariano S. B., y al parecer ten\u00eda antecedentes penales, seg\u00fan informes policiacos; no hay personas detenidas por este ataque armado, a falta de vigilancia policiacas.<\/p>\n\n\n\n<p>Mientras que en el municipio de Villa de Etla se report\u00f3 una agresi\u00f3n armada esta noche, con saldo hasta el momento desconocido.<\/p>\n\n\n\n<p>En tanto que en el municipio de Salina Cruz ocurri\u00f3 una persecuci\u00f3n policiaca, tras disparos de arma de fuego en el Barrio Nuevo.<\/p>\n\n\n\n<p>La tard\u00eda respuesta de los elementos policiacos origin\u00f3 que, pese a los operativos, no se haya dado con los probables autores de los disparos.<\/p>\n\n\n\n<p>Mientras que en el municipio de Ciudad Ixtepec, se suscit\u00f3 un enfrentamiento entre dos personas civiles y elementos policiacos locales y de la Polic\u00eda Vial Estatal, tras intentar infraccionar al due\u00f1o de la motocicleta.<\/p>\n\n\n\n<p>Uno de los sujetos pretend\u00eda desmantelar su unidad de motor enojado por la sanci\u00f3n y cuando un elemento policiaco pretend\u00eda impedirlo, iniciaron las agresiones; pese a la superioridad num\u00e9rica de los uniformados, varios de ellos fueron sometidos y tirados al suelo.<\/p>\n\n\n\n<p>Al final, lograron detener a las dos personas y ponerlas a disposici\u00f3n del Ministerio P\u00fablico de la Fiscal\u00eda General del Estado.<\/p>\n","protected":false},"excerpt":{"rendered":"<p>Ismael Garc\u00eda M.\/Zona Roja. Oaxaca de Ju\u00e1rez, Oax., a 27 de abril de 2023.- Los&hellip;<\/p>\n","protected":false},"author":2,"featured_media":54651,"comment_status":"closed","ping_status":"open","sticky":false,"template":"","format":"standard","meta":{"_lmt_disableupdate":"","_lmt_disable":"","_jetpack_memberships_contains_paid_content":false,"footnotes":""},"categories":[109,51],"tags":[964],"class_list":["post-54650","post","type-post","status-publish","format-standard","has-post-thumbnail","hentry","category-minuto-a-minuto","category-zona-roja","tag-violencia-oaxaca"],"jetpack_featured_media_url":"https:\/\/zonaroja.com.mx\/wp-content\/uploads\/2023\/04\/Ejecutados-San-Miguel-Ejutla.jpg","jetpack_sharing_enabled":true,"_links":{"self":[{"href":"https:\/\/zonaroja.com.mx\/index.php?rest_route=\/wp\/v2\/posts\/54650","targetHints":{"allow":["GET"]}}],"collection":[{"href":"https:\/\/zonaroja.com.mx\/index.php?rest_route=\/wp\/v2\/posts"}],"about":[{"href":"https:\/\/zonaroja.com.mx\/index.php?rest_route=\/wp\/v2\/types\/post"}],"author":[{"embeddable":true,"href":"https:\/\/zonaroja.com.mx\/index.php?rest_route=\/wp\/v2\/users\/2"}],"replies":[{"embeddable":true,"href":"https:\/\/zonaroja.com.mx\/index.php?rest_route=%2Fwp%2Fv2%2Fcomments&post=54650"}],"version-history":[{"count":1,"href":"https:\/\/zonaroja.com.mx\/index.php?rest_route=\/wp\/v2\/posts\/54650\/revisions"}],"predecessor-version":[{"id":54652,"href":"https:\/\/zonaroja.com.mx\/index.php?rest_route=\/wp\/v2\/posts\/54650\/revisions\/54652"}],"wp:featuredmedia":[{"embeddable":true,"href":"https:\/\/zonaroja.com.mx\/index.php?rest_route=\/wp\/v2\/media\/54651"}],"wp:attachment":[{"href":"https:\/\/zonaroja.com.mx\/index.php?rest_route=%2Fwp%2Fv2%2Fmedia&parent=54650"}],"wp:term":[{"taxonomy":"category","embeddable":true,"href":"https:\/\/zonaroja.com.mx\/index.php?rest_route=%2Fwp%2Fv2%2Fcategories&post=54650"},{"taxonomy":"post_tag","embeddable":true,"href":"https:\/\/zonaroja.com.mx\/index.php?rest_route=%2Fwp%2Fv2%2Ftags&post=54650"}],"curies":[{"name":"wp","href":"https:\/\/api.w.org\/{rel}","templated":true}]}}