{"id":54654,"date":"2023-04-28T07:58:50","date_gmt":"2023-04-28T12:58:50","guid":{"rendered":"http:\/\/www.zonaroja.com.mx\/?p=54654"},"modified":"2023-04-28T07:58:52","modified_gmt":"2023-04-28T12:58:52","slug":"hallaron-26-cuerpos-en-fosas-clandestinas-en-tecoman-colima","status":"publish","type":"post","link":"https:\/\/zonaroja.com.mx\/?p=54654","title":{"rendered":"Hallaron 26 cuerpos en fosas clandestinas en Tecom\u00e1n, Colima"},"content":{"rendered":"\n<p>Redacci\u00f3n\/Zona Roja Cdmx.<\/p>\n\n\n\n<p>Ciudad de M\u00e9xico, a 28 de abril de 2023.- Al menos 26 cad\u00e1veres fueron hallados en fosas clandestinas en el municipio de Tecom\u00e1n, Colima, lugar donde operan diferentes grupos del crimen organizado.<\/p>\n\n\n\n<p>De acuerdo con \u201cN+\u201d, que cita a autoridades locales, los restos humanos fueron localizados en la comunidad del Cerro de Ortega en el municipio antes mencionado. El hallazgo se hizo con ayuda de perros y drones.<\/p>\n\n\n\n<p>En este lugar han sido identificados varias de estas fosas desde el 2018. Seg\u00fan lo informado por H\u00e9ctor Javier Pe\u00f1a, encargado de despacho de la Fiscal\u00eda Especializada en Desapariciones de Personas de Colima, en el sitio del hallazgo se han logrado localizar \u201chasta este momento 10 fosas y la recuperaci\u00f3n de restos humanos y \u00f3seos de 26 personas\u201d.<\/p>\n\n\n\n<p>Las autoridades mencionaron que las excavaciones contin\u00faan, por lo que no se descarta que se encuentren m\u00e1s restos en el municipio colindante con el estado de Michoac\u00e1n, lugar donde se sabe hay diferentes grupos del crimen organizado.<\/p>\n\n\n\n<p>En 2019, en Tecom\u00e1n se localizaron 69 cad\u00e1veres en una serie de fosas, mientras que en diciembre del 2022, otros 22 cuerpos fueron hallados en el mismo municipio.<\/p>\n\n\n\n<p>CRIMEN ORGANIZADO<\/p>\n\n\n\n<p>De acuerdo con el documento con un reporte del Congreso de los Estados Unidos publicado en junio del 2022, el C\u00e1rtel Jalisco Nueva Generaci\u00f3n (CJNG) es la organizaci\u00f3n con mayor presencia en M\u00e9xico, la cual tambi\u00e9n opera la morenista Indira Vizca\u00edno.<\/p>\n\n\n\n<p>En el 2022, filtraciones conocidas como los \u201cGuacamaya Leaks\u201d, revelaron que en la entidad hay una disputa de tres c\u00e1rteles.<\/p>\n\n\n\n<p>De acuerdo con los datos del Centro Nacional de Inteligencia obtenidos por el diario \u201cReforma\u201d, ubica 66 integrantes de organizaciones delictivas las cuales se han encargado generar m\u00e1s violencia en la entidad.<\/p>\n\n\n\n<p>El diario detall\u00f3 que del total identificados, 33 de ellos pertenecen al c\u00e1rtel de Nemesio Oseguera Cervante alias \u201cEl Mencho\u201d, mismo que opera en seis de los 10 municipios de la entidad.<\/p>\n\n\n\n<p>Los principales l\u00edderes de estas c\u00e9lulas, seg\u00fan las filtraciones, son familiares de \u201cEl Mencho\u201d, como su yerno Julio Alberto Castillo Rodr\u00edguez y su hijastro Juan Calros Gonz\u00e1lez Valencia, alias \u201cEl Tres\u201d.<\/p>\n\n\n\n<p>En la entidad tambi\u00e9n opera el C\u00e1rtel de Sinaloa, estructura criminal con la que el CJNG mantiene una fuerte disputa desde el 2016, de acuerdo con Insight Crime.<\/p>\n\n\n\n<p>Los enfrentamiento por el Puerto de Manzanillo tambi\u00e9n lo efect\u00faa la organizaci\u00f3n conocida como \u201cLos Mezcales\u201d o C\u00e1rtel de Colima Independiente, el cual ten\u00eda una alianza con el CJNG la cual tuvo una ruptura desde el 2022.<\/p>\n\n\n\n<p>Insight Crime se\u00f1ala que Colima es un punto \u201cestrat\u00e9gico para el crimen organizado.&nbsp;<\/p>\n\n\n\n<p>PUERTO VITAL<\/p>\n\n\n\n<p>El puerto de Manzanillo, por ejemplo, es un importante punto de entrada de precursores qu\u00edmicos y se encuentra entre los estados de Jalisco -el basti\u00f3n del CJNG- y Michoac\u00e1n, un estado con importante producci\u00f3n agr\u00edcola y un hist\u00f3rico centro para el narcotr\u00e1fico\u201d.<\/p>\n\n\n\n<p>A principios de abril de este 2023, al menos siete personas vinculadas al C\u00e1rtel Jalisco Nueva Generaci\u00f3n fueron detenidas por la Secretar\u00eda de Marina (Semar).<\/p>\n\n\n\n<p>A estas personas les fueron asegurados 38 fusiles, un lanzagranadas, siete paquetes con marihuana, seis chalecos bal\u00edsticos, cartuchos y cargadores en inmuebles de los municipios de Villa de \u00c1lvarez y Colima.<\/p>\n\n\n\n<p>\u201cLa Secretar\u00eda de Marina a trav\u00e9s de la Armada de M\u00e9xico en conjunto con autoridades de los tres \u00f3rdenes de gobierno, contribuye con estas acciones a debilitar a los grupos delictivos&nbsp;que operan en mencionada regi\u00f3n del pa\u00eds, afectando&nbsp;significativamente&nbsp;su estructura financiera y operativa\u201d, detall\u00f3 la Marina en el comunicado.<\/p>\n\n\n\n<p>De acuerdo con cifras oficiales, M\u00e9xico registra m\u00e1s de 340 mil asesinatos y unos 100 mil desaparecidos, la mayor\u00eda atribuidos a las organizaciones criminales desde el 2006.<\/p>\n\n\n\n<p>(Informaci\u00f3n de Infobae M\u00e9xico)<\/p>\n","protected":false},"excerpt":{"rendered":"<p>Redacci\u00f3n\/Zona Roja Cdmx. Ciudad de M\u00e9xico, a 28 de abril de 2023.- Al menos 26&hellip;<\/p>\n","protected":false},"author":2,"featured_media":54655,"comment_status":"closed","ping_status":"open","sticky":false,"template":"","format":"standard","meta":{"_lmt_disableupdate":"","_lmt_disable":"","_jetpack_memberships_contains_paid_content":false,"footnotes":""},"categories":[109,47],"tags":[3527,3065],"class_list":["post-54654","post","type-post","status-publish","format-standard","has-post-thumbnail","hentry","category-minuto-a-minuto","category-zona-gris","tag-fosas-clandestinas-en-mexico","tag-violencia-colima"],"jetpack_featured_media_url":"https:\/\/zonaroja.com.mx\/wp-content\/uploads\/2023\/04\/Fosas-clandestinas-Colima.jpeg","jetpack_sharing_enabled":true,"_links":{"self":[{"href":"https:\/\/zonaroja.com.mx\/index.php?rest_route=\/wp\/v2\/posts\/54654","targetHints":{"allow":["GET"]}}],"collection":[{"href":"https:\/\/zonaroja.com.mx\/index.php?rest_route=\/wp\/v2\/posts"}],"about":[{"href":"https:\/\/zonaroja.com.mx\/index.php?rest_route=\/wp\/v2\/types\/post"}],"author":[{"embeddable":true,"href":"https:\/\/zonaroja.com.mx\/index.php?rest_route=\/wp\/v2\/users\/2"}],"replies":[{"embeddable":true,"href":"https:\/\/zonaroja.com.mx\/index.php?rest_route=%2Fwp%2Fv2%2Fcomments&post=54654"}],"version-history":[{"count":1,"href":"https:\/\/zonaroja.com.mx\/index.php?rest_route=\/wp\/v2\/posts\/54654\/revisions"}],"predecessor-version":[{"id":54656,"href":"https:\/\/zonaroja.com.mx\/index.php?rest_route=\/wp\/v2\/posts\/54654\/revisions\/54656"}],"wp:featuredmedia":[{"embeddable":true,"href":"https:\/\/zonaroja.com.mx\/index.php?rest_route=\/wp\/v2\/media\/54655"}],"wp:attachment":[{"href":"https:\/\/zonaroja.com.mx\/index.php?rest_route=%2Fwp%2Fv2%2Fmedia&parent=54654"}],"wp:term":[{"taxonomy":"category","embeddable":true,"href":"https:\/\/zonaroja.com.mx\/index.php?rest_route=%2Fwp%2Fv2%2Fcategories&post=54654"},{"taxonomy":"post_tag","embeddable":true,"href":"https:\/\/zonaroja.com.mx\/index.php?rest_route=%2Fwp%2Fv2%2Ftags&post=54654"}],"curies":[{"name":"wp","href":"https:\/\/api.w.org\/{rel}","templated":true}]}}