{"id":5466,"date":"2019-11-05T22:23:22","date_gmt":"2019-11-06T04:23:22","guid":{"rendered":"http:\/\/www.zonaroja.com.mx\/?p=5466"},"modified":"2019-11-05T22:23:25","modified_gmt":"2019-11-06T04:23:25","slug":"citan-a-sesion-extraordinaria-y-solo-llegan-nueve-de-42-diputados","status":"publish","type":"post","link":"https:\/\/zonaroja.com.mx\/?p=5466","title":{"rendered":"Citan a sesi\u00f3n extraordinaria\u2026 y s\u00f3lo llegan nueve de 42 diputados"},"content":{"rendered":"\n<p>Ismael\nGarc\u00eda M.\/Zona Roja.<\/p>\n\n\n\n<p>San Raymundo\nJalpan, Oax., 5 de noviembre de 2019.- Pactada y citada desde la semana pasada\npor la Diputaci\u00f3n Permanente, este martes s\u00f3lo nueve de los 42 legisladores\narribaron a la sede del Congreso local para la sesi\u00f3n extraordinaria.<\/p>\n\n\n\n<p>Citada a las\n12:00 horas, un escaso n\u00famero de diputados, en su mayor\u00eda mujeres, lleg\u00f3 al\nsal\u00f3n de plenos. Magaly L\u00f3pez Dom\u00ednguez, Elisa Zepeda Lagunas, Delfina Guzm\u00e1n,\nLaura Estrada Mauro, adem\u00e1s del presidente de la Mesa Directiva, C\u00e9sar Morales\nNi\u00f1o, Horacio Sosa Villavicencio, los escasos asistentes.<\/p>\n\n\n\n<p>Los puntos\nque se tocar\u00edan ser\u00edan el dictamen para designar a los integrantes del Consejo\nMunicipal de San Dionisio del Mar; el rechazo al veto parcial realizado por el gobernador\ndel Estado a la Ley&nbsp; Org\u00e1nica del\nTribunal de Justicia Administrativa del Estado de Oaxaca.<\/p>\n\n\n\n<p>El veto del\nEjecutivo estatal consiste en eliminar la disposici\u00f3n aprobada por el Poder\nLegislativo que garantiza la paridad de g\u00e9nero en la Presidencia del Tribunal\nde Justicia Administrativa, mediante la alternancia sucesiva de un hombre y una\nmujer.<\/p>\n\n\n\n<p>Las\nobservaciones tambi\u00e9n suprimen la limitante contemplada por el Congreso local,\npara que no pueden haber m\u00e1s de tres magistradas o magistrados del mismo sexo;\nque garantiza de manera f\u00e1tica el cumplimiento del principio de paridad<\/p>\n\n\n\n<p>No obstante,\na falta de qu\u00f3rum, alrededor de las 13:30 horas, fue declarada suspendida la\nsesi\u00f3n que formaba parte del sexto periodo extraordinario del primer a\u00f1o de\nejercicio legal.<\/p>\n","protected":false},"excerpt":{"rendered":"<p>Ismael Garc\u00eda M.\/Zona Roja. San Raymundo Jalpan, Oax., 5 de noviembre de 2019.- Pactada y&hellip;<\/p>\n","protected":false},"author":2,"featured_media":5467,"comment_status":"closed","ping_status":"open","sticky":false,"template":"","format":"standard","meta":{"_lmt_disableupdate":"","_lmt_disable":"","_jetpack_memberships_contains_paid_content":false,"footnotes":""},"categories":[109,47],"tags":[213],"class_list":["post-5466","post","type-post","status-publish","format-standard","has-post-thumbnail","hentry","category-minuto-a-minuto","category-zona-gris","tag-64-legislatura-de-oaxaca"],"jetpack_featured_media_url":"https:\/\/zonaroja.com.mx\/wp-content\/uploads\/2019\/11\/IMG_5352.jpg","jetpack_sharing_enabled":true,"_links":{"self":[{"href":"https:\/\/zonaroja.com.mx\/index.php?rest_route=\/wp\/v2\/posts\/5466","targetHints":{"allow":["GET"]}}],"collection":[{"href":"https:\/\/zonaroja.com.mx\/index.php?rest_route=\/wp\/v2\/posts"}],"about":[{"href":"https:\/\/zonaroja.com.mx\/index.php?rest_route=\/wp\/v2\/types\/post"}],"author":[{"embeddable":true,"href":"https:\/\/zonaroja.com.mx\/index.php?rest_route=\/wp\/v2\/users\/2"}],"replies":[{"embeddable":true,"href":"https:\/\/zonaroja.com.mx\/index.php?rest_route=%2Fwp%2Fv2%2Fcomments&post=5466"}],"version-history":[{"count":1,"href":"https:\/\/zonaroja.com.mx\/index.php?rest_route=\/wp\/v2\/posts\/5466\/revisions"}],"predecessor-version":[{"id":5468,"href":"https:\/\/zonaroja.com.mx\/index.php?rest_route=\/wp\/v2\/posts\/5466\/revisions\/5468"}],"wp:featuredmedia":[{"embeddable":true,"href":"https:\/\/zonaroja.com.mx\/index.php?rest_route=\/wp\/v2\/media\/5467"}],"wp:attachment":[{"href":"https:\/\/zonaroja.com.mx\/index.php?rest_route=%2Fwp%2Fv2%2Fmedia&parent=5466"}],"wp:term":[{"taxonomy":"category","embeddable":true,"href":"https:\/\/zonaroja.com.mx\/index.php?rest_route=%2Fwp%2Fv2%2Fcategories&post=5466"},{"taxonomy":"post_tag","embeddable":true,"href":"https:\/\/zonaroja.com.mx\/index.php?rest_route=%2Fwp%2Fv2%2Ftags&post=5466"}],"curies":[{"name":"wp","href":"https:\/\/api.w.org\/{rel}","templated":true}]}}