{"id":54665,"date":"2023-04-28T11:30:00","date_gmt":"2023-04-28T16:30:00","guid":{"rendered":"http:\/\/www.zonaroja.com.mx\/?p=54665"},"modified":"2023-04-28T08:33:48","modified_gmt":"2023-04-28T13:33:48","slug":"en-gobierno-de-salomon-jara-suman-137-agresiones-contra-ninas-y-adolescentes","status":"publish","type":"post","link":"https:\/\/zonaroja.com.mx\/?p=54665","title":{"rendered":"En gobierno de Salom\u00f3n Jara, suman\u00a0137 agresiones contra ni\u00f1as y adolescentes"},"content":{"rendered":"\n<p>Redacci\u00f3n\/Zona Roja.<\/p>\n\n\n\n<p>Redacci\u00f3n\/Zona Roja. Foto: Ilustraci\u00f3n.<\/p>\n\n\n\n<p>Oaxaca de Ju\u00e1rez, Oax., a 28 de abril de 2023.- Desde el inicio de la&nbsp;administraci\u00f3n de Salom\u00f3n Jara Cruz y hasta el pasado&nbsp;lunes 24 de abril, se han registrado 342 casos de violencia en contra de las mujeres,&nbsp;44 de ellas corresponden a delitos sexuales, 202 a reportes de desaparici\u00f3n, 51 feminicidios, 5 suicidios y 40 casos&nbsp;de violencia familiar. &nbsp;<\/p>\n\n\n\n<p>De este total,&nbsp;el 40&nbsp;por ciento de las agresiones,&nbsp;es decir 137,&nbsp;ha sido &nbsp;contra &nbsp;ni\u00f1as y adolescentes.&nbsp;Esto, de acuerdo con&nbsp;el registro hemerogr\u00e1fico de la Plataforma de Violencia Feminicida (PVF) de Consorcio para el Di\u00e1logo Parlamentario y la Equidad.<\/p>\n\n\n\n<p>Si bien en&nbsp;todas las categor\u00edas de violencia feminicida&nbsp;se han registrado agresiones&nbsp;contra&nbsp;ni\u00f1as y adolescentes,&nbsp;la incidencia en&nbsp;la categor\u00eda de desapariciones es la m\u00e1s&nbsp;elevada para este grupo de edad.<\/p>\n\n\n\n<p>De estas&nbsp;137 agresiones&nbsp;contra&nbsp;ni\u00f1as y adolescentes, 10&nbsp;corresponden a&nbsp;delitos sexuales, 118&nbsp;a&nbsp;reportes&nbsp;por&nbsp;desaparici\u00f3n, cinco&nbsp;a&nbsp;feminicidios, un suicidio y tres casos de violencia familiar.&nbsp;<\/p>\n\n\n\n<p>Respecto a los cinco feminicidios de menores de edad, a trav\u00e9s de esta Plataforma es posible conocer que una&nbsp;de ellas ten\u00eda tres a\u00f1os, otra de siete a\u00f1os, una m\u00e1s de nueve a\u00f1os y dos j\u00f3venes de 17 a\u00f1os.&nbsp;<\/p>\n\n\n\n<p>En tres de los casos el agresor fue el padre y en dos&nbsp;de ellos,&nbsp;fue&nbsp;una persona desconocida.&nbsp;<\/p>\n\n\n\n<p>Asimismo, tres de esos casos se registraron en la regi\u00f3n del Istmo de Tehuantepec:&nbsp;dos ocurrieron el municipio de &nbsp;Mat\u00edas Romero y uno en&nbsp;Juchit\u00e1n&nbsp;de Zaragoza;&nbsp;otro&nbsp;m\u00e1s se registr\u00f3&nbsp;en Oaxaca de Ju\u00e1rez en la regi\u00f3n de los Valles Centrales y&nbsp;otro&nbsp;en el&nbsp;municipio&nbsp;de San Pedro Atoyac,&nbsp;en la regi\u00f3n de la Costa.&nbsp;&nbsp;<\/p>\n\n\n\n<p>Cabe destacar que el estado de Oaxaca&nbsp;tiene decretada la&nbsp;Alerta de G\u00e9nero&nbsp;en 40 municipios&nbsp;desde el &nbsp;30 de agosto del 2018,&nbsp;entre los que se&nbsp;encuentra&nbsp;precisamente&nbsp;Mat\u00edas Romero,&nbsp;Juchit\u00e1n de Zaragoza&nbsp;y Oaxaca de Ju\u00e1rez.&nbsp;<\/p>\n\n\n\n<p>Esto deja de manifest\u00f3 que a&nbsp;cinco meses de haber iniciado la administraci\u00f3n de Salom\u00f3n Jara Cruz, los&nbsp;feminicidios&nbsp;no s\u00f3lo&nbsp;siguen increment\u00e1ndose en total impunidad, sino que cada uno de los casos registra una mayor&nbsp;sa\u00f1a y crueldad que el anterior, sin que a la fecha se haya dado a conocer el Plan Estatal de Desarrollo, ni que se conozcan los presupuestos etiquetados para la atenci\u00f3n de ni\u00f1as, ni\u00f1os y adolescentes. &nbsp;<\/p>\n\n\n\n<p>Y sin que se haga p\u00fablico el programa de atenci\u00f3n a ni\u00f1as y ni\u00f1os que han sido v\u00edctimas de agresi\u00f3n, o de atenci\u00f3n a la ni\u00f1ez en orfandad.&nbsp;<\/p>\n\n\n\n<p>\u201cAunado a la&nbsp;indiferencia institucional y al&nbsp;amparo del Ejecutivo estatal, quien con su omisi\u00f3n como gobernante en turno ha&nbsp;perpetuado una pol\u00edtica de Estado que no solo olvida y revictimiza a &nbsp;mujeres, adolescentes y ni\u00f1as,&nbsp;sino que&nbsp;solapa la violencia de g\u00e9nero\u201d.<\/p>\n","protected":false},"excerpt":{"rendered":"<p>Redacci\u00f3n\/Zona Roja. Redacci\u00f3n\/Zona Roja. Foto: Ilustraci\u00f3n. Oaxaca de Ju\u00e1rez, Oax., a 28 de abril de&hellip;<\/p>\n","protected":false},"author":2,"featured_media":7973,"comment_status":"closed","ping_status":"open","sticky":false,"template":"","format":"standard","meta":{"_lmt_disableupdate":"","_lmt_disable":"","_jetpack_memberships_contains_paid_content":false,"footnotes":""},"categories":[109,47],"tags":[548,610],"class_list":["post-54665","post","type-post","status-publish","format-standard","has-post-thumbnail","hentry","category-minuto-a-minuto","category-zona-gris","tag-consorcio-oaxaca","tag-feminicidios-oaxaca"],"jetpack_featured_media_url":"https:\/\/zonaroja.com.mx\/wp-content\/uploads\/2020\/01\/delitos-sexuales.jpg","jetpack_sharing_enabled":true,"_links":{"self":[{"href":"https:\/\/zonaroja.com.mx\/index.php?rest_route=\/wp\/v2\/posts\/54665","targetHints":{"allow":["GET"]}}],"collection":[{"href":"https:\/\/zonaroja.com.mx\/index.php?rest_route=\/wp\/v2\/posts"}],"about":[{"href":"https:\/\/zonaroja.com.mx\/index.php?rest_route=\/wp\/v2\/types\/post"}],"author":[{"embeddable":true,"href":"https:\/\/zonaroja.com.mx\/index.php?rest_route=\/wp\/v2\/users\/2"}],"replies":[{"embeddable":true,"href":"https:\/\/zonaroja.com.mx\/index.php?rest_route=%2Fwp%2Fv2%2Fcomments&post=54665"}],"version-history":[{"count":1,"href":"https:\/\/zonaroja.com.mx\/index.php?rest_route=\/wp\/v2\/posts\/54665\/revisions"}],"predecessor-version":[{"id":54666,"href":"https:\/\/zonaroja.com.mx\/index.php?rest_route=\/wp\/v2\/posts\/54665\/revisions\/54666"}],"wp:featuredmedia":[{"embeddable":true,"href":"https:\/\/zonaroja.com.mx\/index.php?rest_route=\/wp\/v2\/media\/7973"}],"wp:attachment":[{"href":"https:\/\/zonaroja.com.mx\/index.php?rest_route=%2Fwp%2Fv2%2Fmedia&parent=54665"}],"wp:term":[{"taxonomy":"category","embeddable":true,"href":"https:\/\/zonaroja.com.mx\/index.php?rest_route=%2Fwp%2Fv2%2Fcategories&post=54665"},{"taxonomy":"post_tag","embeddable":true,"href":"https:\/\/zonaroja.com.mx\/index.php?rest_route=%2Fwp%2Fv2%2Ftags&post=54665"}],"curies":[{"name":"wp","href":"https:\/\/api.w.org\/{rel}","templated":true}]}}