{"id":54672,"date":"2023-04-28T14:00:00","date_gmt":"2023-04-28T19:00:00","guid":{"rendered":"http:\/\/www.zonaroja.com.mx\/?p=54672"},"modified":"2023-04-28T09:03:23","modified_gmt":"2023-04-28T14:03:23","slug":"construye-pri-estrategia-electoral-plural-incluyente-y-a-ras-de-tierra","status":"publish","type":"post","link":"https:\/\/zonaroja.com.mx\/?p=54672","title":{"rendered":"Construye PRI estrategia electoral plural, incluyente y a ras de tierra"},"content":{"rendered":"\n<p>Redacci\u00f3n\/Zona Roja.&nbsp;<\/p>\n\n\n\n<p>Oaxaca de Ju\u00e1rez, Oax., 28 de abril de 2023.- Durante una reuni\u00f3n de trabajo celebrada en la sede del Comit\u00e9 Directivo Estatal (CDE) del PRI, Javier Villaca\u00f1a Jim\u00e9nez, presidente de este instituto pol\u00edtico, y la estructura pol\u00edtica de la ciudad de Oaxaca y municipios conurbados, iniciaron con el planteamiento de las estrategias electorales que ser\u00e1n fundamentales para el triunfo del tricolor en el 2024.<\/p>\n\n\n\n<p>En el marco de un di\u00e1logo que permiti\u00f3 fortalecer la comunicaci\u00f3n y generar un proyecto m\u00e1s s\u00f3lido y plural, donde todas las voces se tomen en cuenta para la recuperaci\u00f3n territorial del Revolucionario Institucional.<\/p>\n\n\n\n<p>Acompa\u00f1ado de los expresidentes del CDE, Alfonso G\u00f3mez Sandoval y Heliodoro D\u00edaz Esc\u00e1rraga, la secretaria General, Lizbeth Concha Ojeda; las y los secretarios del CDE; l\u00edderes de sectores y organizaciones, el presidente del Comit\u00e9 Municipal del PRI de Oaxaca de Ju\u00e1rez, Jes\u00fas Guillermo D\u00edaz Navarro, y la regidora Jocabeth Betanzos; Villaca\u00f1a Jim\u00e9nez reconoci\u00f3 la labor que realizan los liderazgos en las agencias y colonias para mantener la unidad y los valores del partido.<\/p>\n\n\n\n<p>Asegur\u00f3 que el PRI cuenta con los principios y el capital humano para recuperar la grandeza territorial y es la capital del estado y los municipios conurbados el eje central de una estrategia que brindar\u00e1 resultados a la militancia y dirigencia del tricolor.<\/p>\n\n\n\n<p>En su oportunidad, la secretaria General, Liz Concha, se\u00f1al\u00f3 que las y los comisionados y operadores que integran la estructura electoral, tienen la responsabilidad de representar al partido con orgullo y convicci\u00f3n.<\/p>\n\n\n\n<p>Convoc\u00f3 a seguir trabajando con la misma energ\u00eda para que la militancia se sienta identificada con los valores del partido y forme parte de este esfuerzo para llevar al PRI por el camino de la victoria.<\/p>\n\n\n\n<p>Al t\u00e9rmino de la reuni\u00f3n, militantes del partido con alguna discapacidad, recibieron aparatos auxiliares que fueron donados por la dirigencia del CDE para apoyar la mejora en sus condiciones de vida.<\/p>\n\n\n\n<p>(Comunicado)<\/p>\n","protected":false},"excerpt":{"rendered":"<p>Redacci\u00f3n\/Zona Roja.&nbsp; Oaxaca de Ju\u00e1rez, Oax., 28 de abril de 2023.- Durante una reuni\u00f3n de&hellip;<\/p>\n","protected":false},"author":2,"featured_media":54673,"comment_status":"closed","ping_status":"open","sticky":false,"template":"","format":"standard","meta":{"_lmt_disableupdate":"","_lmt_disable":"","_jetpack_memberships_contains_paid_content":false,"footnotes":""},"categories":[109,46],"tags":[2456],"class_list":["post-54672","post","type-post","status-publish","format-standard","has-post-thumbnail","hentry","category-minuto-a-minuto","category-zona-blanca","tag-javier-villacana-jimenez"],"jetpack_featured_media_url":"https:\/\/zonaroja.com.mx\/wp-content\/uploads\/2023\/04\/Reunion-PRI-Javier-Villacana.jpeg","jetpack_sharing_enabled":true,"_links":{"self":[{"href":"https:\/\/zonaroja.com.mx\/index.php?rest_route=\/wp\/v2\/posts\/54672","targetHints":{"allow":["GET"]}}],"collection":[{"href":"https:\/\/zonaroja.com.mx\/index.php?rest_route=\/wp\/v2\/posts"}],"about":[{"href":"https:\/\/zonaroja.com.mx\/index.php?rest_route=\/wp\/v2\/types\/post"}],"author":[{"embeddable":true,"href":"https:\/\/zonaroja.com.mx\/index.php?rest_route=\/wp\/v2\/users\/2"}],"replies":[{"embeddable":true,"href":"https:\/\/zonaroja.com.mx\/index.php?rest_route=%2Fwp%2Fv2%2Fcomments&post=54672"}],"version-history":[{"count":1,"href":"https:\/\/zonaroja.com.mx\/index.php?rest_route=\/wp\/v2\/posts\/54672\/revisions"}],"predecessor-version":[{"id":54674,"href":"https:\/\/zonaroja.com.mx\/index.php?rest_route=\/wp\/v2\/posts\/54672\/revisions\/54674"}],"wp:featuredmedia":[{"embeddable":true,"href":"https:\/\/zonaroja.com.mx\/index.php?rest_route=\/wp\/v2\/media\/54673"}],"wp:attachment":[{"href":"https:\/\/zonaroja.com.mx\/index.php?rest_route=%2Fwp%2Fv2%2Fmedia&parent=54672"}],"wp:term":[{"taxonomy":"category","embeddable":true,"href":"https:\/\/zonaroja.com.mx\/index.php?rest_route=%2Fwp%2Fv2%2Fcategories&post=54672"},{"taxonomy":"post_tag","embeddable":true,"href":"https:\/\/zonaroja.com.mx\/index.php?rest_route=%2Fwp%2Fv2%2Ftags&post=54672"}],"curies":[{"name":"wp","href":"https:\/\/api.w.org\/{rel}","templated":true}]}}