{"id":54675,"date":"2023-04-29T10:00:00","date_gmt":"2023-04-29T15:00:00","guid":{"rendered":"http:\/\/www.zonaroja.com.mx\/?p=54675"},"modified":"2023-04-28T22:36:59","modified_gmt":"2023-04-29T03:36:59","slug":"hija-de-martinez-soriano-tambien-fue-detenida-y-torturada-en-movimiento-estudiantil","status":"publish","type":"post","link":"https:\/\/zonaroja.com.mx\/?p=54675","title":{"rendered":"Hija de Mart\u00ednez Soriano tambi\u00e9n fue detenida y torturada en movimiento estudiantil\u00a0"},"content":{"rendered":"\n<p>Yuridiana Sosa\/Zona<\/p>\n\n\n\n<p>Oaxaca de Ju\u00e1rez, Oax., a 29 de abril de 2023.- Recordar los crueles momentos que vivi\u00f3 le siguen costando l\u00e1grimas. Fue atada de pies y manos; vendada de ojos y boca, sumergida en tambos con agua y toques el\u00e9ctricos.<\/p>\n\n\n\n<p>Eso fue parte de lo que Maribel Mart\u00ednez P\u00e9rez, hija del activista luchador social Felipe Mart\u00ednez Soriano, sufri\u00f3 durante su detenci\u00f3n apoyar el Movimiento Democr\u00e1tico Universitario en Oaxaca.<\/p>\n\n\n\n<p>La mujer de 64 a\u00f1os de edad, m\u00e9dica de profesi\u00f3n, relat\u00f3 en el marco del \u201cInforme de La Comisi\u00f3n para el Acceso a la Verdad de la Guerra Sucia sobre su ingreso a cuarteles de la VIII Regi\u00f3n Militar y XXVIII Zona, de Santa Mar\u00eda Ixcotel\u201d parte de los hechos de los que fue v\u00edctima a manos de elementos policiales a cargo de Miguel Nazar Haro, en ese entonces titular de la antigua Direcci\u00f3n Federal de Seguridad.<\/p>\n\n\n\n<p>Ella era activista, apoyaba el movimiento y junto con sus hermanos ayudaban a los universitarios a encontrar refugios para ponerse a salvo de la fuerza p\u00fablica.<\/p>\n\n\n\n<p>HECHOS<\/p>\n\n\n\n<p>Con apenas 17 a\u00f1os, el 14 de diciembre de 1976, la adolescente fue privada de su libertad ilegalmente. Ese d\u00eda comenz\u00f3 una pesadilla viviente de cuatro d\u00edas, pero que marc\u00f3 su vida.<\/p>\n\n\n\n<p>Aquel d\u00eda, alrededor de las 18:00 horas, fue interceptada por tres patrullas cuando viajaba en su veh\u00edculo por frente a la iglesia de Trinidad de las Huertas en la capital del estado. Desde el primer instante hubo violencia, la tomaron de los cabellos y a jaloneos la subieron a una patrulla.<\/p>\n\n\n\n<p>En ese entonces, su padre, l\u00edder del movimiento e integrante de la Liga Comunista 23 de Septiembre y del Partido Revolucionario Obrero Campesino \u201cUni\u00f3n del Pueblo\u201d (PROCUP), era perseguido y se encontraba en la Ciudad de M\u00e9xico denunciando la escalada militar en la Universidad Aut\u00f3noma \u201cBenito Ju\u00e1rez\u201d de Oaxaca (UABJO), a la que hab\u00edan llegado unos cinco mil efectivos.<\/p>\n\n\n\n<p>\u201cSe buscaba una universidad justa, democr\u00e1tica, cient\u00edfica, pero cost\u00f3 muchas represiones, c\u00e1rcel, persecuciones, tortura y hasta exilio\u201d, indic\u00f3 la sobreviviente.<\/p>\n\n\n\n<p>Recuerda que la llevaron al cuartel de la Polic\u00eda Estatal, donde ahora es el cuartel de Bomberos, ah\u00ed la colgaron, le jalaron pies y manos, pero no le vendaron los ojos, eso le permiti\u00f3 reconocer a Wilfrido Castro quien comandaba a las polic\u00edas federales en Oaxaca y a Miguel Nazar Haro de la Direcci\u00f3n Federal de Seguridad, quien se enoj\u00f3 por permitirle visibilidad.<\/p>\n\n\n\n<figure class=\"wp-block-embed is-type-rich is-provider-twitter wp-block-embed-twitter\"><div class=\"wp-block-embed__wrapper\">\n<div class=\"twitter-tweet\"><blockquote class=\"twitter-tweet\" data-lang=\"es\"><p lang=\"es\" dir=\"ltr\">Testimonios de la \u201cGuerra Sucia\u201d en <a href=\"https:\/\/twitter.com\/hashtag\/Oaxaca?src=hash&amp;ref_src=twsrc%5Etfw\">#Oaxaca<\/a>.<br>Recordar los crueles momentos que vivi\u00f3 le siguen costando l\u00e1grimas a Maribel Mart\u00ednez Neri. Fue atada de pies y manos; vendada de ojos y boca, sumergida en tambos con agua y toques el\u00e9ctricos. <a href=\"https:\/\/t.co\/qrBZu6przx\">pic.twitter.com\/qrBZu6przx<\/a><\/p>&mdash; Zona Roja Oaxaca (@ZonaRoja_Oaxaca) <a href=\"https:\/\/twitter.com\/ZonaRoja_Oaxaca\/status\/1652137379048865793?ref_src=twsrc%5Etfw\">29 de abril de 2023<\/a><\/blockquote><\/div>\n<\/div><\/figure>\n\n\n\n<p>\u00bfQU\u00c9 PAS\u00d3?<\/p>\n\n\n\n<p>De inmediato comenz\u00f3 el violento interrogatorio de hechos que ella desconoc\u00eda. \u201c\u00bfQu\u00e9 pas\u00f3?\u201d le repitieron, pero ella desconoc\u00eda a qu\u00e9 hechos se refer\u00edan, mientras tambi\u00e9n la acusaban de repartir propaganda subversiva a los universitarios y decir qui\u00e9n se la daban.<\/p>\n\n\n\n<p>Mart\u00ednez P\u00e9rez no era esa persona, ella s\u00f3lo se dedicaba a ayudar a los universitarios con la intenci\u00f3n de que no sufrieran las violaciones policiales.<\/p>\n\n\n\n<p>Los actos de tortura continuaron hasta el 18 de diciembre, lapso en el que en dos ocasiones la sacaron de la base de detenci\u00f3n para llevarla a otro sitio, aparentemente aislado al aire libre.<\/p>\n\n\n\n<p>Fueron dos ocasiones, en la noche, en la que la ataron de pies y manos, le vendaron ojos y boca; la subieron a un carro; recuerda que luego de unos 10 minutos en carretera tomaron un breve camino de terracer\u00eda. Una vez ah\u00ed, la sumergen de cabeza en un tambo con agua, despu\u00e9s le dan toques.<\/p>\n\n\n\n<p>Recordar el hecho quiebra a Maribel Mart\u00ednez durante su relato.<\/p>\n\n\n\n<p>Mientras ella sufr\u00eda tortura, su madre inici\u00f3 una campa\u00f1a de difusi\u00f3n para localizarla, a tal punto que lograron liberarla, pero bajo un procedimiento igualmente arbitrario.<\/p>\n\n\n\n<p>La adolescente fue llevada a la UABJO, donde le hicieron un careo y le exigieron la reconstrucci\u00f3n de hechos ante autoridades y polic\u00edas, despu\u00e9s trasladada a Ixcotel, donde vio a decenas de presos pol\u00edticos, pero a diferencia de ellos, Mart\u00ednez P\u00e9rez qued\u00f3 en libertad.<\/p>\n","protected":false},"excerpt":{"rendered":"<p>Yuridiana Sosa\/Zona Oaxaca de Ju\u00e1rez, Oax., a 29 de abril de 2023.- Recordar los crueles&hellip;<\/p>\n","protected":false},"author":2,"featured_media":54664,"comment_status":"closed","ping_status":"open","sticky":false,"template":"","format":"standard","meta":{"_lmt_disableupdate":"","_lmt_disable":"","_jetpack_memberships_contains_paid_content":false,"footnotes":""},"categories":[109,46],"tags":[3525],"class_list":["post-54675","post","type-post","status-publish","format-standard","has-post-thumbnail","hentry","category-minuto-a-minuto","category-zona-blanca","tag-comision-de-la-verdad-mexico"],"jetpack_featured_media_url":"https:\/\/zonaroja.com.mx\/wp-content\/uploads\/2023\/04\/Maribel-Martinez-Perez.jpg","jetpack_sharing_enabled":true,"_links":{"self":[{"href":"https:\/\/zonaroja.com.mx\/index.php?rest_route=\/wp\/v2\/posts\/54675","targetHints":{"allow":["GET"]}}],"collection":[{"href":"https:\/\/zonaroja.com.mx\/index.php?rest_route=\/wp\/v2\/posts"}],"about":[{"href":"https:\/\/zonaroja.com.mx\/index.php?rest_route=\/wp\/v2\/types\/post"}],"author":[{"embeddable":true,"href":"https:\/\/zonaroja.com.mx\/index.php?rest_route=\/wp\/v2\/users\/2"}],"replies":[{"embeddable":true,"href":"https:\/\/zonaroja.com.mx\/index.php?rest_route=%2Fwp%2Fv2%2Fcomments&post=54675"}],"version-history":[{"count":2,"href":"https:\/\/zonaroja.com.mx\/index.php?rest_route=\/wp\/v2\/posts\/54675\/revisions"}],"predecessor-version":[{"id":54701,"href":"https:\/\/zonaroja.com.mx\/index.php?rest_route=\/wp\/v2\/posts\/54675\/revisions\/54701"}],"wp:featuredmedia":[{"embeddable":true,"href":"https:\/\/zonaroja.com.mx\/index.php?rest_route=\/wp\/v2\/media\/54664"}],"wp:attachment":[{"href":"https:\/\/zonaroja.com.mx\/index.php?rest_route=%2Fwp%2Fv2%2Fmedia&parent=54675"}],"wp:term":[{"taxonomy":"category","embeddable":true,"href":"https:\/\/zonaroja.com.mx\/index.php?rest_route=%2Fwp%2Fv2%2Fcategories&post=54675"},{"taxonomy":"post_tag","embeddable":true,"href":"https:\/\/zonaroja.com.mx\/index.php?rest_route=%2Fwp%2Fv2%2Ftags&post=54675"}],"curies":[{"name":"wp","href":"https:\/\/api.w.org\/{rel}","templated":true}]}}