{"id":54677,"date":"2023-04-28T11:16:00","date_gmt":"2023-04-28T16:16:00","guid":{"rendered":"http:\/\/www.zonaroja.com.mx\/?p=54677"},"modified":"2023-04-28T09:34:23","modified_gmt":"2023-04-28T14:34:23","slug":"emiten-la-defensoria-alerta-temprana-por-paso-de-caravana-migrante","status":"publish","type":"post","link":"https:\/\/zonaroja.com.mx\/?p=54677","title":{"rendered":"Emiten la Defensor\u00eda Alerta Temprana por paso de caravana migrante"},"content":{"rendered":"\n<p>Redacci\u00f3n\/Zona Roja.<\/p>\n\n\n\n<p>Oaxaca de Ju\u00e1rez, Oax., a 28 de abril de 2023.- Ante el paso de la&nbsp;caravana migrante por territorio oaxaque\u00f1o, la Defensor\u00eda de los Derechos Humanos del Pueblo de Oaxaca (DDHPO) emiti\u00f3 una Alerta Temprana, en la que solicit\u00f3 a diversas instituciones estatales y federales la adopci\u00f3n de las medidas necesarias&nbsp;tendientes&nbsp;a salvaguardar la integridad, dignidad y derechos humanos de las personas migrantes y las personas que habitan las comunidades por las que avance la caravana migrante.<\/p>\n\n\n\n<p>El organismo defensor tuvo conocimiento que,&nbsp;la caravana llamada&nbsp;\u201cViacrucis Migrante\u201d&nbsp;est\u00e1 integrada aproximadamente por 3000 mil&nbsp;personas migrantes de nacionalidad&nbsp;centroamericana, quienes salieron el 22&nbsp;de abril del presente a\u00f1o del parque Bicentenario en Tapachula, Chiapas, con direcci\u00f3n a la Ciudad de M\u00e9xico, a fin de solicitar mayor agilidad en el tr\u00e1mite de sus documentos humanitarios para poder avanzar en su camino a los Estados Unidos.<\/p>\n\n\n\n<p>El organismo defensor indic\u00f3 que, las personas migrantes se ven obligadas&nbsp;a abandonar sus hogares debido&nbsp;a diversas condiciones que enfrentan en sus lugares de origen, como:&nbsp;la pobreza, la violencia generalizada, la discriminaci\u00f3n, la desigualdad, a fin de buscar mejores condiciones de vida.&nbsp;<\/p>\n\n\n\n<p>Ante este contexto, la Defensor\u00eda indic\u00f3 que, quienes integran la caravana migrante son personas que se encuentran en situaci\u00f3n de vulnerabilidad y requieren una protecci\u00f3n acorde a su condici\u00f3n, pues&nbsp;es obligaci\u00f3n del Estado cumplir con lo establecido en el art\u00edculo primero de la Constituci\u00f3n Pol\u00edtica de los Estados Unidos Mexicanos, \u201ctodas las autoridades, en el \u00e1mbito de sus competencias tienen la obligaci\u00f3n de promover, respetar, proteger y garantizar los derechos humanos de todas las personas\u201d.&nbsp;<\/p>\n\n\n\n<p>El organismo indic\u00f3 que&nbsp;para ello, se debe tomar en cuenta que existen diversos derechos a considerar, como lo son: el derecho a vida, libertad, integridad f\u00edsica y psicol\u00f3gica, la salud, la alimentaci\u00f3n, as\u00ed como los derechos de la ni\u00f1ez y de las personas adultas mayores, entre otros.<\/p>\n\n\n\n<p>Por ello, la Defensor\u00eda de los Derechos Humanos del Pueblo de Oaxaca inst\u00f3 a &nbsp;todas las instituciones y dependencias del Gobierno del estado de Oaxaca, as\u00ed como aquellas del orden federal que tengan participaci\u00f3n en el asunto, para que en el \u00e1mbito de su competencia establezcan los mecanismos adecuados de coordinaci\u00f3n y atenci\u00f3n, a fin de garantizar los derechos humanos de las personas que integran la caravana migrante.<\/p>\n\n\n\n<p>En este sentido, la Defensor\u00eda de los Derechos Humanos del Pueblo de Oaxaca solicit\u00f3 a la Secretar\u00eda de Gobierno su colaboraci\u00f3n para que, a trav\u00e9s del di\u00e1logo y la concertaci\u00f3n, intervenga en las situaciones que lleguen a presentarse y que puedan trastocar las relaciones arm\u00f3nicas de las comunidades por el paso de la caravana migrante.&nbsp;<\/p>\n\n\n\n<p>Asimismo, solicit\u00f3 a la Secretar\u00eda de Seguridad y Protecci\u00f3n Ciudadana para que, en coordinaci\u00f3n con las dem\u00e1s instancias de los gobiernos federal y municipal, realicen las acciones de seguridad y vialidad necesarias para prevenir accidentes y brindar seguridad a las personas participantes en la caravana migrante, as\u00ed como a las y los habitantes de las comunidades por las que esta avance, dentro del territorio oaxaque\u00f1o.<\/p>\n\n\n\n<p>Por otro lado, a la Secretar\u00eda de Salud del estado, brindar atenci\u00f3n m\u00e9dica y psicol\u00f3gica que requieran a las personas que conforman la caravana migrante.<\/p>\n\n\n\n<p>A la Coordinaci\u00f3n Estatal de Protecci\u00f3n Civil y Gesti\u00f3n de Riesgos, elaborar y ejecutar las medidas necesarias para la prevenci\u00f3n de situaciones de riesgo que pudieran atentar contra la&nbsp;integridad de las personas migrantes.<\/p>\n\n\n\n<p>Al Sistema Integral de la Familia del estado, para que de acuerdo &nbsp;con sus atribuciones legales, brinde servicios de asistencia social, especialmente a ni\u00f1as, ni\u00f1os y adolescentes, as\u00ed como a personas adultas mayores, ello en coordinaci\u00f3n con la Secretar\u00eda de Salud y los municipios.<\/p>\n\n\n\n<p>A los presidentes municipales de Chahuites, San Pedro&nbsp;Tapanatepec, Santo Domingo&nbsp;Zanatepec, Santiago&nbsp;Niltepec, Santo Domingo Ingenio, Juchit\u00e1n de Zaragoza, Mat\u00edas Romero Avenda\u00f1o y aquellos otros por los que transite la caravana migrante, respeten los derechos humanos de las personas migrantes y mediante las instancias de seguridad, salud y asistencia social con las que cuenten, brinden el apoyo necesario en la medida de sus posibilidades.<\/p>\n\n\n\n<p>(Comunicado)<\/p>\n","protected":false},"excerpt":{"rendered":"<p>Redacci\u00f3n\/Zona Roja. Oaxaca de Ju\u00e1rez, Oax., a 28 de abril de 2023.- Ante el paso&hellip;<\/p>\n","protected":false},"author":2,"featured_media":7599,"comment_status":"closed","ping_status":"open","sticky":false,"template":"","format":"standard","meta":{"_lmt_disableupdate":"","_lmt_disable":"","_jetpack_memberships_contains_paid_content":false,"footnotes":""},"categories":[109,46],"tags":[286],"class_list":["post-54677","post","type-post","status-publish","format-standard","has-post-thumbnail","hentry","category-minuto-a-minuto","category-zona-blanca","tag-defensoria-de-los-derechos-humanos-del-pueblo-de-oaxaca"],"jetpack_featured_media_url":"https:\/\/zonaroja.com.mx\/wp-content\/uploads\/2020\/01\/migrantes2.jpg","jetpack_sharing_enabled":true,"_links":{"self":[{"href":"https:\/\/zonaroja.com.mx\/index.php?rest_route=\/wp\/v2\/posts\/54677","targetHints":{"allow":["GET"]}}],"collection":[{"href":"https:\/\/zonaroja.com.mx\/index.php?rest_route=\/wp\/v2\/posts"}],"about":[{"href":"https:\/\/zonaroja.com.mx\/index.php?rest_route=\/wp\/v2\/types\/post"}],"author":[{"embeddable":true,"href":"https:\/\/zonaroja.com.mx\/index.php?rest_route=\/wp\/v2\/users\/2"}],"replies":[{"embeddable":true,"href":"https:\/\/zonaroja.com.mx\/index.php?rest_route=%2Fwp%2Fv2%2Fcomments&post=54677"}],"version-history":[{"count":1,"href":"https:\/\/zonaroja.com.mx\/index.php?rest_route=\/wp\/v2\/posts\/54677\/revisions"}],"predecessor-version":[{"id":54678,"href":"https:\/\/zonaroja.com.mx\/index.php?rest_route=\/wp\/v2\/posts\/54677\/revisions\/54678"}],"wp:featuredmedia":[{"embeddable":true,"href":"https:\/\/zonaroja.com.mx\/index.php?rest_route=\/wp\/v2\/media\/7599"}],"wp:attachment":[{"href":"https:\/\/zonaroja.com.mx\/index.php?rest_route=%2Fwp%2Fv2%2Fmedia&parent=54677"}],"wp:term":[{"taxonomy":"category","embeddable":true,"href":"https:\/\/zonaroja.com.mx\/index.php?rest_route=%2Fwp%2Fv2%2Fcategories&post=54677"},{"taxonomy":"post_tag","embeddable":true,"href":"https:\/\/zonaroja.com.mx\/index.php?rest_route=%2Fwp%2Fv2%2Ftags&post=54677"}],"curies":[{"name":"wp","href":"https:\/\/api.w.org\/{rel}","templated":true}]}}