{"id":54679,"date":"2023-04-28T09:32:50","date_gmt":"2023-04-28T14:32:50","guid":{"rendered":"http:\/\/www.zonaroja.com.mx\/?p=54679"},"modified":"2023-04-28T09:32:55","modified_gmt":"2023-04-28T14:32:55","slug":"gasta-neri-80-mdp-en-traslado-de-basura-dice-que-catem-debe-retirar-deposito-clandestino","status":"publish","type":"post","link":"https:\/\/zonaroja.com.mx\/?p=54679","title":{"rendered":"Gasta Neri 80 mdp en traslado de basura; dice que CATEM debe retirar dep\u00f3sito clandestino"},"content":{"rendered":"\n<p>Ismael Garc\u00eda M.\/Zona Roja.<\/p>\n\n\n\n<p>Oaxaca de Ju\u00e1rez, Oax., a 28 de abril de 2023.- Alrededor de 80 millones de pesos ha gastado en aproximadamente medio a\u00f1o el ayuntamiento de Oaxaca de Ju\u00e1rez en traslado de basura a otra entidad, acept\u00f3 el presidente municipal Francisco Mart\u00ednez Neri.<\/p>\n\n\n\n<p>Adem\u00e1s, consider\u00f3 que son los sindicatos CATEM y CTM quienes deber\u00e1n retirar los montones de basura en la margen del r\u00edo \u201cAtoyac\u201d, contrario a lo declarado por el gobernador Salom\u00f3n Jara y el secretario de Gobierno, Jes\u00fas Romero.<\/p>\n\n\n\n<p>Entrevistado ayer luego de la sesi\u00f3n ordinaria de Cabildo, el edil surgido de Morena lament\u00f3 asimismo el rechazo a la instalaci\u00f3n del tiradero en San Lorenzo Cacaotepec.<\/p>\n\n\n\n<p>\u201cCreo que hay un acuerdo central hecho por el gobernador, conf\u00edo en que ese acuerdo sea respetado, que esos brotes de inconformidad puedan solventarse; nosotros haremos lo propio y yo espero que lleguemos a un feliz t\u00e9rmino\u201d, dijo.<\/p>\n\n\n\n<p>Respecto al retiro de los desechos, que se calcula en m\u00e1s de tres mil toneladas, en el tiradero clandestino en la parte posterior de la Central de Abasto, Mart\u00ednez Neri asegur\u00f3:<\/p>\n\n\n\n<p>\u201cHemos platicado, el secretario de Gobierno y yo, con organizaciones que han llevado la basura y les hemos pedido que retiren esos residuos\u201d.<\/p>\n\n\n\n<figure class=\"wp-block-embed is-type-rich is-provider-twitter wp-block-embed-twitter\"><div class=\"wp-block-embed__wrapper\">\n<div class=\"twitter-tweet\"><blockquote class=\"twitter-tweet\" data-lang=\"es\"><p lang=\"es\" dir=\"ltr\">Al t\u00e9rmino de la sesi\u00f3n de Cabildo fue entrevistado el edil de Oaxaca de Ju\u00e1rez, <a href=\"https:\/\/twitter.com\/FMartinezNeri?ref_src=twsrc%5Etfw\">@FMartinezNeri<\/a>, quien revel\u00f3 que van alrededor de 80 millones de pesos en pagos por retiro de basura a otras entidades.<br>Inform\u00f3 que deber\u00e1 ser CATEM quien retire sus desechos en las riberas del\u2026 <a href=\"https:\/\/t.co\/6q2WBqKYWW\">pic.twitter.com\/6q2WBqKYWW<\/a><\/p>&mdash; Zona Roja Oaxaca (@ZonaRoja_Oaxaca) <a href=\"https:\/\/twitter.com\/ZonaRoja_Oaxaca\/status\/1651804549777362945?ref_src=twsrc%5Etfw\">28 de abril de 2023<\/a><\/blockquote><\/div>\n<\/div><\/figure>\n\n\n\n<p>\u2014Pero qui\u00e9n lo va a hacer, \u00bfellos o la autoridad?<\/p>\n\n\n\n<p>\u2014Ellos lo van a hacer.<\/p>\n\n\n\n<p>\u201cEs CATEM y es CTM; lo deben hacer como una respuesta que corresponde a una&nbsp; solidaridad con la sociedad, y desde luego a un acto que no lo realiz\u00f3 el municipio\u201d.<\/p>\n\n\n\n<p>\u2014Pero siguen los acarreos de basura con veh\u00edculos particulares\u2026<\/p>\n\n\n\n<p>\u2014Siguen recogiendo basura, lo que estamos evitando que lo lleven a ese lugar; si lo est\u00e1n recogiendo, seguro que lo est\u00e1n llevando a otra parte, y tenemos un operativo policiaco para revisar esa situaci\u00f3n.<\/p>\n\n\n\n<p>\u2014\u00bfQu\u00e9 tiempo m\u00e1s llevar\u00e1 ese proceso (la crisis de la basura) para superarlo?<\/p>\n\n\n\n<p>\u2014Eso lo que yo quisiera saber, no hay fecha.<\/p>\n\n\n\n<p>\u2014Jes\u00fas Romero dijo que m\u00ednimo dos meses para socializarlo.<\/p>\n\n\n\n<p>\u2014Es muy probable, es muy probable, esperemos que sea menos.<\/p>\n\n\n\n<p>El pasado lunes, el gobernador Salom\u00f3n Jara dijo que est\u00e1 clausurado el tiradero clandestino ubicado en la ribera del r\u00edo \u201cAtoyac\u201d y que esta semana iniciar\u00eda el retiro por parte de la autoridad, lo cual confirm\u00f3 el pasado jueves el secretario de Gobierno, Jes\u00fas Romero, en conferencia de prensa.<\/p>\n","protected":false},"excerpt":{"rendered":"<p>Ismael Garc\u00eda M.\/Zona Roja. Oaxaca de Ju\u00e1rez, Oax., a 28 de abril de 2023.- Alrededor&hellip;<\/p>\n","protected":false},"author":2,"featured_media":54663,"comment_status":"closed","ping_status":"open","sticky":false,"template":"","format":"standard","meta":{"_lmt_disableupdate":"","_lmt_disable":"","_jetpack_memberships_contains_paid_content":false,"footnotes":""},"categories":[109,47],"tags":[2418],"class_list":["post-54679","post","type-post","status-publish","format-standard","has-post-thumbnail","hentry","category-minuto-a-minuto","category-zona-gris","tag-francisco-martinez-neri"],"jetpack_featured_media_url":"https:\/\/zonaroja.com.mx\/wp-content\/uploads\/2023\/04\/Francisco-Martinez-Neri-1.jpg","jetpack_sharing_enabled":true,"_links":{"self":[{"href":"https:\/\/zonaroja.com.mx\/index.php?rest_route=\/wp\/v2\/posts\/54679","targetHints":{"allow":["GET"]}}],"collection":[{"href":"https:\/\/zonaroja.com.mx\/index.php?rest_route=\/wp\/v2\/posts"}],"about":[{"href":"https:\/\/zonaroja.com.mx\/index.php?rest_route=\/wp\/v2\/types\/post"}],"author":[{"embeddable":true,"href":"https:\/\/zonaroja.com.mx\/index.php?rest_route=\/wp\/v2\/users\/2"}],"replies":[{"embeddable":true,"href":"https:\/\/zonaroja.com.mx\/index.php?rest_route=%2Fwp%2Fv2%2Fcomments&post=54679"}],"version-history":[{"count":1,"href":"https:\/\/zonaroja.com.mx\/index.php?rest_route=\/wp\/v2\/posts\/54679\/revisions"}],"predecessor-version":[{"id":54680,"href":"https:\/\/zonaroja.com.mx\/index.php?rest_route=\/wp\/v2\/posts\/54679\/revisions\/54680"}],"wp:featuredmedia":[{"embeddable":true,"href":"https:\/\/zonaroja.com.mx\/index.php?rest_route=\/wp\/v2\/media\/54663"}],"wp:attachment":[{"href":"https:\/\/zonaroja.com.mx\/index.php?rest_route=%2Fwp%2Fv2%2Fmedia&parent=54679"}],"wp:term":[{"taxonomy":"category","embeddable":true,"href":"https:\/\/zonaroja.com.mx\/index.php?rest_route=%2Fwp%2Fv2%2Fcategories&post=54679"},{"taxonomy":"post_tag","embeddable":true,"href":"https:\/\/zonaroja.com.mx\/index.php?rest_route=%2Fwp%2Fv2%2Ftags&post=54679"}],"curies":[{"name":"wp","href":"https:\/\/api.w.org\/{rel}","templated":true}]}}