{"id":54682,"date":"2023-04-28T16:14:14","date_gmt":"2023-04-28T21:14:14","guid":{"rendered":"http:\/\/www.zonaroja.com.mx\/?p=54682"},"modified":"2023-04-28T22:35:31","modified_gmt":"2023-04-29T03:35:31","slug":"ante-inaccion-de-gobierno-de-jara-con-protestas-pueblos-piden-ayuda-por-incendios","status":"publish","type":"post","link":"https:\/\/zonaroja.com.mx\/?p=54682","title":{"rendered":"Ante inacci\u00f3n de gobierno de Jara, con protestas pueblos piden ayuda por incendios"},"content":{"rendered":"\n<p>Yuridiana Sosa\/Zona Roja.<\/p>\n\n\n\n<p>Oaxaca de Ju\u00e1rez, Oax., a 28 de abril de 2023.- Habitantes de Santo Tom\u00e1s Mazaltepec, San Felipe Tejal\u00e1pam y San Juan Bautista Atatlahuca denunciaron la omisi\u00f3n del gobierno de Salom\u00f3n Jara para combatir los incendios en sus localidades, que en el \u00faltimo caso lleva una semana.<\/p>\n\n\n\n<p>Contrario a lo que ha informado la Secretar\u00eda de Gobierno de Oaxaca sobre la atenci\u00f3n, las comunidades realizaron llamados y hasta protestaron para exigir acciones de combate a las conflagraciones que han dejado graves da\u00f1os y avanzan a las zonas pobladas.<\/p>\n\n\n\n<p>Pobladores de Santo Tom\u00e1s Mazaltepec, en el distrito de Etla, reportaron a trav\u00e9s de las redes sociales que debido a la omisi\u00f3n de las autoridades para atender con urgencia el fuego, decenas de familias quedaron atrapadas en la zona del incendio, iniciado desde el jueves.<\/p>\n\n\n\n<p>Para exigir respuesta inmediata, los habitantes recurrieron a la protesta, e instalaron un bloqueo en la supercarretera carretera Oaxaca-M\u00e9xico frente al entronque de San Andr\u00e9s Zautla. <\/p>\n\n\n\n<p>Las consecuencias de la desatenci\u00f3n tambi\u00e9n las sufre el municipio vecino de San Felipe Tejal\u00e1pam, hasta donde avanz\u00f3 el incendio, por lo que sus habitantes exigieron la intervenci\u00f3n del gobierno estatal.<\/p>\n\n\n\n<figure class=\"wp-block-embed is-type-rich is-provider-twitter wp-block-embed-twitter\"><div class=\"wp-block-embed__wrapper\">\n<div class=\"twitter-tweet\"><blockquote class=\"twitter-tweet\" data-lang=\"es\"><p lang=\"es\" dir=\"ltr\">Mientras <a href=\"https:\/\/twitter.com\/COESFO_GobOax?ref_src=twsrc%5Etfw\">@COESFO_GobOax<\/a> informa que atiende &quot;control y liquidaci\u00f3n de incendio&quot;, en Sto. Tom\u00e1s Mazaltepec, con brigadas forestales, vecinos bloquean s\u00faper carretera en entronque con Zautla. Demandan atenci\u00f3n de <a href=\"https:\/\/twitter.com\/GobOax?ref_src=twsrc%5Etfw\">@GobOax<\/a> <a href=\"https:\/\/twitter.com\/OaxPress?ref_src=twsrc%5Etfw\">@OaxPress<\/a> <a href=\"https:\/\/twitter.com\/ZonaRoja_Oaxaca?ref_src=twsrc%5Etfw\">@ZonaRoja_Oaxaca<\/a> <a href=\"https:\/\/twitter.com\/salomonj?ref_src=twsrc%5Etfw\">@salomonj<\/a> <a href=\"https:\/\/twitter.com\/rosyramales?ref_src=twsrc%5Etfw\">@rosyramales<\/a> <a href=\"https:\/\/t.co\/lbyBjY1mp3\">pic.twitter.com\/lbyBjY1mp3<\/a><\/p>&mdash; Juan Perez Audelo (@nathanoax) <a href=\"https:\/\/twitter.com\/nathanoax\/status\/1652011795845095424?ref_src=twsrc%5Etfw\">28 de abril de 2023<\/a><\/blockquote><\/div>\n<\/div><\/figure>\n\n\n\n<p>UNA SEMANA IGNORADOS<\/p>\n\n\n\n<p>Autoridades del municipio de San Juan Bautista Atatlahuca exigieron al gobernador Salom\u00f3n Jara ordene la intervenci\u00f3n con helic\u00f3pteros para combatir el fuego que desde hace una semana inici\u00f3 en su municipio.<\/p>\n\n\n\n<p>En conferencia de prensa en el z\u00f3calo de la capital, denunciaron que hasta el momento no existe ayuda de ninguna autoridad estatal para apagar el fuego, adem\u00e1s incumplieron con enviar el lunes helic\u00f3pteros para las tareas del combate a la conflagraci\u00f3n.<\/p>\n\n\n\n<p>&nbsp;Desde el inicio del incendio los habitantes han realizado solos las tareas, sin embargo, ya fueron rebasadas sus capacidades, tanto que&nbsp;este juevescasi quedan atrapados en la zona.<\/p>\n\n\n\n<p>El fuego ha avanzado tanto que ya es imposible combatirlo a pie, as\u00ed como avanza con rapidez a la zona poblada, por lo que urge que se env\u00ede ayuda a\u00e9rea.<\/p>\n\n\n\n<p>Hasta el momento se estima una p\u00e9rdida de entre tres y cuatro mil hect\u00e1reas de \u00e1rboles maderables.<\/p>\n\n\n\n<figure class=\"wp-block-embed is-type-rich is-provider-twitter wp-block-embed-twitter\"><div class=\"wp-block-embed__wrapper\">\n<div class=\"twitter-tweet\"><blockquote class=\"twitter-tweet\" data-lang=\"es\"><p lang=\"es\" dir=\"ltr\">Hasta la capital de <a href=\"https:\/\/twitter.com\/hashtag\/Oaxaca?src=hash&amp;ref_src=twsrc%5Etfw\">#Oaxaca<\/a> tuvieron que venir autoridades municipales de San Juan Bautista <a href=\"https:\/\/twitter.com\/hashtag\/Atatlahuca?src=hash&amp;ref_src=twsrc%5Etfw\">#Atatlahuca<\/a>, debido a que el <a href=\"https:\/\/twitter.com\/GobOax?ref_src=twsrc%5Etfw\">@GobOax<\/a> no ha atendido desde hace una semana un fuerte incendio forestal en sus bosques.<br>(Por error se inform\u00f3 que hab\u00eda sido de San Esteban Atatlahuca; se\u2026 <a href=\"https:\/\/t.co\/zcjyD2u3EM\">pic.twitter.com\/zcjyD2u3EM<\/a><\/p>&mdash; Zona Roja Oaxaca (@ZonaRoja_Oaxaca) <a href=\"https:\/\/twitter.com\/ZonaRoja_Oaxaca\/status\/1652103799886970880?ref_src=twsrc%5Etfw\">29 de abril de 2023<\/a><\/blockquote><\/div>\n<\/div><\/figure>\n\n\n\n<p>REPORTE OFICIAL<\/p>\n\n\n\n<p>La Comisi\u00f3n Estatal Forestal inform\u00f3&nbsp;este viernesque coordina esfuerzos con pobladores de San Juan Bautista Atatlahuca y la Comisi\u00f3n Nacional Forestal para los trabajos del combate al incendio, sin precisar las acciones que llevar\u00e1n a cabo.<\/p>\n\n\n\n<p>Por otra parte, dijo que realizan trabajos de acci\u00f3n temprana en control y liquidaci\u00f3n de un incendio suscitado en los parajes \u00abOcotal\u00bb y \u00abGeneral Camacho\u00bb, en el municipio de Santo Tom\u00e1s Mazaltepec, con 19 elementos de la Coesfo y 13 elementos de la brigada de la Conafor.<\/p>\n\n\n\n<p>En tanto que esta ma\u00f1ana la Secretar\u00eda de Gobierno (Sego) indic\u00f3 que \u201cda seguimiento a los trabajos que se llevan a cabo desde anoche en el incendio que se present\u00f3 en Santo Tom\u00e1s Mazaltepec, Etla, en donde trabajan brigadas de la Conafor y Sedena, adem\u00e1s del apoyo de comuneros de San Andr\u00e9s Zautla y San Lorenzo Cacaotepec\u201d.<\/p>\n","protected":false},"excerpt":{"rendered":"<p>Yuridiana Sosa\/Zona Roja. Oaxaca de Ju\u00e1rez, Oax., a 28 de abril de 2023.- Habitantes de&hellip;<\/p>\n","protected":false},"author":2,"featured_media":54681,"comment_status":"closed","ping_status":"open","sticky":false,"template":"","format":"standard","meta":{"_lmt_disableupdate":"","_lmt_disable":"","_jetpack_memberships_contains_paid_content":false,"footnotes":""},"categories":[109,47],"tags":[1256],"class_list":["post-54682","post","type-post","status-publish","format-standard","has-post-thumbnail","hentry","category-minuto-a-minuto","category-zona-gris","tag-incendios-forestales-oaxaca"],"jetpack_featured_media_url":"https:\/\/zonaroja.com.mx\/wp-content\/uploads\/2023\/04\/29968f9c-00ad-4314-98f5-cfc6047c3f45.jpg","jetpack_sharing_enabled":true,"_links":{"self":[{"href":"https:\/\/zonaroja.com.mx\/index.php?rest_route=\/wp\/v2\/posts\/54682","targetHints":{"allow":["GET"]}}],"collection":[{"href":"https:\/\/zonaroja.com.mx\/index.php?rest_route=\/wp\/v2\/posts"}],"about":[{"href":"https:\/\/zonaroja.com.mx\/index.php?rest_route=\/wp\/v2\/types\/post"}],"author":[{"embeddable":true,"href":"https:\/\/zonaroja.com.mx\/index.php?rest_route=\/wp\/v2\/users\/2"}],"replies":[{"embeddable":true,"href":"https:\/\/zonaroja.com.mx\/index.php?rest_route=%2Fwp%2Fv2%2Fcomments&post=54682"}],"version-history":[{"count":4,"href":"https:\/\/zonaroja.com.mx\/index.php?rest_route=\/wp\/v2\/posts\/54682\/revisions"}],"predecessor-version":[{"id":54700,"href":"https:\/\/zonaroja.com.mx\/index.php?rest_route=\/wp\/v2\/posts\/54682\/revisions\/54700"}],"wp:featuredmedia":[{"embeddable":true,"href":"https:\/\/zonaroja.com.mx\/index.php?rest_route=\/wp\/v2\/media\/54681"}],"wp:attachment":[{"href":"https:\/\/zonaroja.com.mx\/index.php?rest_route=%2Fwp%2Fv2%2Fmedia&parent=54682"}],"wp:term":[{"taxonomy":"category","embeddable":true,"href":"https:\/\/zonaroja.com.mx\/index.php?rest_route=%2Fwp%2Fv2%2Fcategories&post=54682"},{"taxonomy":"post_tag","embeddable":true,"href":"https:\/\/zonaroja.com.mx\/index.php?rest_route=%2Fwp%2Fv2%2Ftags&post=54682"}],"curies":[{"name":"wp","href":"https:\/\/api.w.org\/{rel}","templated":true}]}}