{"id":54686,"date":"2023-04-28T18:13:44","date_gmt":"2023-04-28T23:13:44","guid":{"rendered":"http:\/\/www.zonaroja.com.mx\/?p=54686"},"modified":"2023-04-28T22:34:31","modified_gmt":"2023-04-29T03:34:31","slug":"policia-de-oaxaca-y-marinos-desalojan-con-violencia-a-campesinos-hay-seis-detenidos","status":"publish","type":"post","link":"https:\/\/zonaroja.com.mx\/?p=54686","title":{"rendered":"Polic\u00eda de Oaxaca y marinos desalojan con violencia a campesinos; hay seis detenidos"},"content":{"rendered":"\n<p>Yuridiana Sosa\/Zona Roja.<\/p>\n\n\n\n<p>Oaxaca de Ju\u00e1rez, Oax., a 28 de abril de 2023.- Elementos de la Secretar\u00eda de Marina, Guardia Nacional y Polic\u00eda Estatal de Oaxaca efectuaron este viernes el desalojo al bloqueo ferroviario en el tramo Mogo\u00f1e Viejo- Vixidu, en el Istmo, en el que hubo seis personas detenidas, denunciaron los pobladores y campesinos.<\/p>\n\n\n\n<p>Pobladores de la comunidad de&nbsp;Mogo\u00f1\u00e9 Viejo, municipio de San Juan Guichicovi, activaron el bloqueo desde el pasado 27 de febrero para exigir pago justo de sus tierras comunales por la expropiaci\u00f3n de sus terrenos ocupados&nbsp;para el Corredor Interoce\u00e1nico del Istmo de Tehuantepec.<\/p>\n\n\n\n<p>Ante la cerraz\u00f3n de las autoridades para una mejor indemnizaci\u00f3n, diversas comunidades y campesinos de la zona, apoyadas por la Uni\u00f3n de Comunidades Ind\u00edgenas de la Zona Norte del Istmo (Ucizoni A.C.) fortalecieron la lucha por dos meses.<\/p>\n\n\n\n<p>Por los hechos recientes, los habitantes alertaron a la comunidad. \u201cUrgente, est\u00e1 siendo desalojado el campamento Tierra y Libertad\u201d, \u201cLleg\u00f3 la estatal y la Marina\u201d, \u201cYa quitaron todo y se llevaron detenidos a varios compa\u00f1eros\u201d, fueron parte del llamado de los afectados.<\/p>\n\n\n\n<p>Hasta el momento las autoridades de Oaxaca no han informado sobre el operativo.<\/p>\n\n\n\n<p>DESALOJO&nbsp;<\/p>\n\n\n\n<p>Los pobladores detallaron que cerca&nbsp;de las 10:40horas arrib\u00f3 un numeroso contingente de elementos de la Guardia Nacional, de la polic\u00eda estatal y de la Secretar\u00eda de Marina al campamento de protesta denominado \u201cTierra y Libertad\u201d.&nbsp;<\/p>\n\n\n\n<p>El ataque, apuntaron, ocurri\u00f3 por dos puntos, logrando la detenci\u00f3n de a seis compa\u00f1eros y compa\u00f1eras mixes identificados como Mar\u00eda Magdalena Mart\u00ednez Isabel, Fernando Hern\u00e1ndez G\u00f3mez, Adela Severo Teodoro, Esperanza Mart\u00ednez Isabel, Elizabeth Mart\u00ednez Isabel y Eliodoro Mart\u00ednez Isabel, cuyo paradero se desconoce.<\/p>\n\n\n\n<p>Detallaron que la ciudadana Adela Severo fue golpeada y el campamento destruido, del que tambi\u00e9n robaron pertenencias.&nbsp;<\/p>\n\n\n\n<p>Por los hechos los pobladores se reorganizan e instalaron una asamblea para definir las acciones por realizar, mientras que Ucizoni exige la inmediata liberaci\u00f3n de los y las ind\u00edgenas mixes detenidos mixes.<\/p>\n\n\n\n<p>En tanto que los integrantes de la Caravana del Sur Resiste activaron un bloqueo en la carretera trans\u00edstmica a la altura de Oteapan, Veracruz para denunciar la agresi\u00f3n. <\/p>\n\n\n\n<figure class=\"wp-block-embed is-type-rich is-provider-twitter wp-block-embed-twitter\"><div class=\"wp-block-embed__wrapper\">\n<div class=\"twitter-tweet\"><blockquote class=\"twitter-tweet\" data-lang=\"es\"><p lang=\"es\" dir=\"ltr\"><a href=\"https:\/\/twitter.com\/hashtag\/%C3%9AltimoMinuto?src=hash&amp;ref_src=twsrc%5Etfw\">#\u00daltimoMinuto<\/a><br>Manifestantes denuncian desalojo policiaco violento de habitantes de Mogo\u00f1\u00e9, San Juan Guichicovi, Oaxaca, del campamento que manten\u00edan desde hace dos meses en el tramo del tren, que forma parte del Corredor Interoce\u00e1nico. <br>Videos: Cortes\u00eda. <a href=\"https:\/\/t.co\/D10SuRvi0n\">pic.twitter.com\/D10SuRvi0n<\/a><\/p>&mdash; Zona Roja Oaxaca (@ZonaRoja_Oaxaca) <a href=\"https:\/\/twitter.com\/ZonaRoja_Oaxaca\/status\/1652039403488026625?ref_src=twsrc%5Etfw\">28 de abril de 2023<\/a><\/blockquote><\/div>\n<\/div><\/figure>\n\n\n\n<p>Las protestas contra el proyecto por afectaciones a sus comunidades y un pago injusto a sus tierras se han registrado, por lo menos, desde el a\u00f1o 2020, cuando por varios meses los habitantes realizaron movilizaciones y lograron la suspensi\u00f3n temporal de los trabajos del Corredor Interoce\u00e1nico.<\/p>\n\n\n\n<p>CONSTANTES AMENAZAS<\/p>\n\n\n\n<p>Previo al desalojo de&nbsp;este viernes, los manifestantes denunciaron diversos actos de acoso e intimidaci\u00f3n de elementos de la Marina y la Polic\u00eda Estatal para el retiro de su protesta.<\/p>\n\n\n\n<p>As\u00ed ocurri\u00f3 el pasado mes de marzo de este a\u00f1o, cuando los pobladores de Mogo\u00f1\u00e9 Viejo, de San Juan Guichicovi, denunciaron agresiones constantes por elementos de ambas corporaciones con la intenci\u00f3n de retirarlos, algunas de estas acciones efectuadas por la madrugada.<\/p>\n\n\n\n<p>Entre los actos tambi\u00e9n se se\u00f1al\u00f3 las amenazas y hostigamiento al activista Carlos Beas Torres, Ucizoni A.C., <\/p>\n\n\n\n<p>Para un cese a la protesta, los pobladores tambi\u00e9n han efectuaron en\u00e9simos llamados al presidente de M\u00e9xico, Andr\u00e9s Manuel L\u00f3pez Obrador para la instalaci\u00f3n de una mesa de di\u00e1logo de nivel resolutivo para exponer sus demandas.<\/p>\n\n\n\n<p>Tambi\u00e9n le hicieron de conocimientos los hechos que desarroll\u00f3 la Marina contra el movimiento, de lo que demandaron un alto a las agresiones.&nbsp;<\/p>\n\n\n\n<p>En la protesta participaron habitantes de Mogo\u00f1e Viejo, campesinos mixes y habitantes de las de Rio Pachi\u00f1e, El Zarzal, Plan de San Luis, Palomares, San Juan Guichicovi, Vixidu, Hierba Santa, El Maluco, Rinc\u00f3n Viejo Petapa.<\/p>\n\n\n\n<p> <\/p>\n","protected":false},"excerpt":{"rendered":"<p>Yuridiana Sosa\/Zona Roja. Oaxaca de Ju\u00e1rez, Oax., a 28 de abril de 2023.- Elementos de&hellip;<\/p>\n","protected":false},"author":2,"featured_media":54685,"comment_status":"closed","ping_status":"open","sticky":false,"template":"","format":"standard","meta":{"_lmt_disableupdate":"","_lmt_disable":"","_jetpack_memberships_contains_paid_content":false,"footnotes":""},"categories":[109,47],"tags":[2765],"class_list":["post-54686","post","type-post","status-publish","format-standard","has-post-thumbnail","hentry","category-minuto-a-minuto","category-zona-gris","tag-mogone-san-juan-guichicovi"],"jetpack_featured_media_url":"https:\/\/zonaroja.com.mx\/wp-content\/uploads\/2023\/04\/983f8ae5-0fef-4387-aa23-96dd00f57669.jpg","jetpack_sharing_enabled":true,"_links":{"self":[{"href":"https:\/\/zonaroja.com.mx\/index.php?rest_route=\/wp\/v2\/posts\/54686","targetHints":{"allow":["GET"]}}],"collection":[{"href":"https:\/\/zonaroja.com.mx\/index.php?rest_route=\/wp\/v2\/posts"}],"about":[{"href":"https:\/\/zonaroja.com.mx\/index.php?rest_route=\/wp\/v2\/types\/post"}],"author":[{"embeddable":true,"href":"https:\/\/zonaroja.com.mx\/index.php?rest_route=\/wp\/v2\/users\/2"}],"replies":[{"embeddable":true,"href":"https:\/\/zonaroja.com.mx\/index.php?rest_route=%2Fwp%2Fv2%2Fcomments&post=54686"}],"version-history":[{"count":2,"href":"https:\/\/zonaroja.com.mx\/index.php?rest_route=\/wp\/v2\/posts\/54686\/revisions"}],"predecessor-version":[{"id":54698,"href":"https:\/\/zonaroja.com.mx\/index.php?rest_route=\/wp\/v2\/posts\/54686\/revisions\/54698"}],"wp:featuredmedia":[{"embeddable":true,"href":"https:\/\/zonaroja.com.mx\/index.php?rest_route=\/wp\/v2\/media\/54685"}],"wp:attachment":[{"href":"https:\/\/zonaroja.com.mx\/index.php?rest_route=%2Fwp%2Fv2%2Fmedia&parent=54686"}],"wp:term":[{"taxonomy":"category","embeddable":true,"href":"https:\/\/zonaroja.com.mx\/index.php?rest_route=%2Fwp%2Fv2%2Fcategories&post=54686"},{"taxonomy":"post_tag","embeddable":true,"href":"https:\/\/zonaroja.com.mx\/index.php?rest_route=%2Fwp%2Fv2%2Ftags&post=54686"}],"curies":[{"name":"wp","href":"https:\/\/api.w.org\/{rel}","templated":true}]}}