{"id":5469,"date":"2019-11-05T22:35:15","date_gmt":"2019-11-06T04:35:15","guid":{"rendered":"http:\/\/www.zonaroja.com.mx\/?p=5469"},"modified":"2019-11-05T22:35:18","modified_gmt":"2019-11-06T04:35:18","slug":"trump-ofrece-ayuda-a-mexico-para-combatir-el-crimen-organizado","status":"publish","type":"post","link":"https:\/\/zonaroja.com.mx\/?p=5469","title":{"rendered":"Trump ofrece ayuda a M\u00e9xico para combatir el crimen organizado"},"content":{"rendered":"\n<p>Redacci\u00f3n\/Zona\nRoja.<\/p>\n\n\n\n<p>Ciudad de\nM\u00e9xico, 5 de noviembre de 2019.- El Presidente de los Estados Unidos de\nNorteam\u00e9rica, Donald Trump, ofreci\u00f3 su ayuda a M\u00e9xico para combatir el crimen\norganizado.<\/p>\n\n\n\n<p>Asimismo, ofreci\u00f3\nla participaci\u00f3n estadunidense en esa ofensiva, como primera respuesta ante la\nnoticia de la tragedia de la familia LeBar\u00f3n en el norte de M\u00e9xico, un\nincidente que por involucrar a v\u00edctimas de doble ciudadan\u00eda ahora nutrir\u00e1 la\nnarrativa del mandatario desde hace cuatro a\u00f1os sobre el vecino peligroso.<\/p>\n\n\n\n<p>Trump, v\u00eda\ntuit esta ma\u00f1ana, llam\u00f3 a que M\u00e9xico librara \u201cguerra\u201d contra los carteles.\n\u201cEste es el momento para que M\u00e9xico, con la ayuda de Estados Unidos, libre\nGUERRA sobre los carteles de droga y borrarlos de la cara de la tierra\u201d.\nAgrego: \u201c\u00a1Solo esperamos una llamada de su gran nuevo presidente!\u201d.<\/p>\n\n\n\n<p>CHARLAN POR\nTEL\u00c9FONO<\/p>\n\n\n\n<p>Unas horas\ndespu\u00e9s, el Presidente Andr\u00e9s Manuel L\u00f3pez Obrador y Trump sostuvieron una\nllamada telef\u00f3nica, donde abordaron \u201cla reciente violencia en M\u00e9xico y\nesfuerzos para combatir el creciente comportamiento violento de los carteles y\ngrupos criminales en la regi\u00f3n\u201d, inform\u00f3 el subsecretario de prensa de la Casa\nBlanca Hogan Gidley.<\/p>\n\n\n\n<p>Al resumir\nla llamada, Gidley informo que Trump dejo claro que su gobierno \u201ccondena estos\nactos de violencia sin sentido que tomaron las vidas de nueve ciudadanos\nestadunidenses y ofreci\u00f3 asistencia a M\u00e9xico para asegurar que los responsables\nenfrenten la justicia\u201d.<\/p>\n\n\n\n<p>El homicidio\nm\u00faltiple, en gran parte por tratarse de ciudadanos estadunidenses, fue noticia\ndestacada en todos los principales medios nacionales en Estados Unidos a lo\nlargo del d\u00eda. Algunos titulares eran variaciones del del Daily Beast: \u201cMadres\ny ni\u00f1os estadunidenses masacrados en emboscada mexicana\u2026.\u201d.<\/p>\n\n\n\n<p>Trump, en su\nserie de tuits esta ma\u00f1ana &#8211; registrados en todos los medios &#8211; continu\u00f3: \u201cUna\nfamilia maravillosa y amigos de Utah fueron atrapados entre dos carteles de\ndroga crueles, quienes se intercambiaron fuego, con el resultado de muchas gran\npersonas estadunidenses asesinadas, incluyendo ni\u00f1os j\u00f3venes, y algunos que no\nse encuentran\u201d, declar\u00f3 temprano esta ma\u00f1ana.<\/p>\n\n\n\n<p>Concluy\u00f3 que\n\u201cEl gran nuevo presidente de M\u00e9xico ha hecho esto un gran tema, pero los\ncarteles se han vuelto tan grandes y poderosos que a veces uno necesita un\nej\u00e9rcito para derrotar a un ej\u00e9rcito\u201d.<\/p>\n\n\n\n<p>NO SE VIOLA\nSOBERAN\u00cdA<\/p>\n\n\n\n<p>Por otra\nparte, la ayuda que ofrece el presidente estadunidense Donald Trump a M\u00e9xico\npara frenar la inseguridad que acecha la franja fronteriza de ambas naciones no\nViola la soberan\u00eda, asegur\u00f3 el representante del Partido Republicano\nEstadunidense en territorio mexicano, Larry Rubin.<\/p>\n\n\n\n<p>Despu\u00e9s de\nacudir a la reuni\u00f3n que sostuvieron los industriales con el gobernador de\nSinaloa, Quirino Ordaz Coppel, Rubin sostuvo en entrevista que el presidente\nAndr\u00e9s Manuel L\u00f3pez Obrador debe considerar la propuesta del mandatario del\npa\u00eds vecino del norte.<\/p>\n\n\n\n<p>\u201cEstados\nUnidos est\u00e1 dispuesto a ayudar a librarse de este c\u00e1ncer que ha venido\ngest\u00e1ndose en este pa\u00eds desde hace ya varios a\u00f1os\u201d, asever\u00f3.<\/p>\n","protected":false},"excerpt":{"rendered":"<p>Redacci\u00f3n\/Zona Roja. Ciudad de M\u00e9xico, 5 de noviembre de 2019.- El Presidente de los Estados&hellip;<\/p>\n","protected":false},"author":2,"featured_media":5470,"comment_status":"closed","ping_status":"open","sticky":false,"template":"","format":"standard","meta":{"_lmt_disableupdate":"","_lmt_disable":"","_jetpack_memberships_contains_paid_content":false,"footnotes":""},"categories":[109,47],"tags":[143],"class_list":["post-5469","post","type-post","status-publish","format-standard","has-post-thumbnail","hentry","category-minuto-a-minuto","category-zona-gris","tag-andres-manuel-lopez-obrador"],"jetpack_featured_media_url":"https:\/\/zonaroja.com.mx\/wp-content\/uploads\/2019\/11\/Trump-y-AMLO.jpg","jetpack_sharing_enabled":true,"_links":{"self":[{"href":"https:\/\/zonaroja.com.mx\/index.php?rest_route=\/wp\/v2\/posts\/5469","targetHints":{"allow":["GET"]}}],"collection":[{"href":"https:\/\/zonaroja.com.mx\/index.php?rest_route=\/wp\/v2\/posts"}],"about":[{"href":"https:\/\/zonaroja.com.mx\/index.php?rest_route=\/wp\/v2\/types\/post"}],"author":[{"embeddable":true,"href":"https:\/\/zonaroja.com.mx\/index.php?rest_route=\/wp\/v2\/users\/2"}],"replies":[{"embeddable":true,"href":"https:\/\/zonaroja.com.mx\/index.php?rest_route=%2Fwp%2Fv2%2Fcomments&post=5469"}],"version-history":[{"count":1,"href":"https:\/\/zonaroja.com.mx\/index.php?rest_route=\/wp\/v2\/posts\/5469\/revisions"}],"predecessor-version":[{"id":5471,"href":"https:\/\/zonaroja.com.mx\/index.php?rest_route=\/wp\/v2\/posts\/5469\/revisions\/5471"}],"wp:featuredmedia":[{"embeddable":true,"href":"https:\/\/zonaroja.com.mx\/index.php?rest_route=\/wp\/v2\/media\/5470"}],"wp:attachment":[{"href":"https:\/\/zonaroja.com.mx\/index.php?rest_route=%2Fwp%2Fv2%2Fmedia&parent=5469"}],"wp:term":[{"taxonomy":"category","embeddable":true,"href":"https:\/\/zonaroja.com.mx\/index.php?rest_route=%2Fwp%2Fv2%2Fcategories&post=5469"},{"taxonomy":"post_tag","embeddable":true,"href":"https:\/\/zonaroja.com.mx\/index.php?rest_route=%2Fwp%2Fv2%2Ftags&post=5469"}],"curies":[{"name":"wp","href":"https:\/\/api.w.org\/{rel}","templated":true}]}}