{"id":54690,"date":"2023-04-28T20:40:25","date_gmt":"2023-04-29T01:40:25","guid":{"rendered":"http:\/\/www.zonaroja.com.mx\/?p=54690"},"modified":"2023-04-28T20:40:33","modified_gmt":"2023-04-29T01:40:33","slug":"edil-de-villa-de-mitla-estaria-vinculado-al-cartel-del-despojo","status":"publish","type":"post","link":"https:\/\/zonaroja.com.mx\/?p=54690","title":{"rendered":"Edil de Villa de Mitla estar\u00eda vinculado al \u201cC\u00e1rtel del despojo\u201d"},"content":{"rendered":"\n<p>Redacci\u00f3n\/Zona Roja.<\/p>\n\n\n\n<p>Oaxaca de Ju\u00e1rez, Oax., a 28 de abril de 2023.- El presidente municipal de la Villa de Mitla, el panista Luis Armando Olivera, estar\u00eda vinculado al \u201cC\u00e1rtel del despojo\u201d, denunciaron habitantes de dicho municipio, quienes pidieron al gobierno de Salom\u00f3n Jara investigar al edil.<\/p>\n\n\n\n<p>Y es que el mun\u00edcipe fue funcionario en la Direcci\u00f3n del Registro Civil en parte del sexenio de Alejandro Murat Hinojosa, donde acusan que habr\u00eda apoyado en la falsificaci\u00f3n de documentos para probable despojo de bienes.<\/p>\n\n\n\n<p>Adem\u00e1s, la Villa de Mitla es uno de los principales sitios de concentraci\u00f3n de migrantes centroamericanos, que viajan del Istmo por la Sierra Mixe, en busca de llegar a los Estados Unidos, y a quienes habr\u00eda apoyado tambi\u00e9n con actas falsificadas.<\/p>\n\n\n\n<p>Por ello, los pobladores que se oponen a la gesti\u00f3n de Luis Armando Olivera, pidieron al gobierno estatal y a la Fiscal\u00eda General del Estado de Oaxaca que inicie las indagatorias correspondientes.<\/p>\n\n\n\n<p>Acusaron que para desviar el tema de su probable participaci\u00f3n en el \u201cC\u00e1rtel del despojo\u201d, ha azuzado a un grupo de personas a oponerse al Centro Integral de Residuos S\u00f3lidos, que se prev\u00e9 instalar en San Lorenzo Albarradas.<\/p>\n\n\n\n<p>No obstante, seg\u00fan aseguran los vecinos, en ning\u00fan momento ha habido una asamblea general de la poblaci\u00f3n, en que se levante un acta, para determinar el rechazo a dicho tiradero.<\/p>\n\n\n\n<p>Cabe recordar que a un a\u00f1o y cuatro meses de su gesti\u00f3n, Luis Armando Olivera ha protagonizado varios esc\u00e1ndalos, uno de ellos golpear sus propios vecinos, en estado de ebriedad.<\/p>\n\n\n\n<p>Otro m\u00e1s, proteger a un supuesto \u201cinfluencer\u201d -Doroteo Garc\u00eda, \u201cEl Morro\u201d- y azuzarlo para atacar a la periodista Carina Garc\u00eda, quien ha sido agredida v\u00eda redes sociales por dicho sujeto, por criticar la gesti\u00f3n del presidente municipal.<\/p>\n","protected":false},"excerpt":{"rendered":"<p>Redacci\u00f3n\/Zona Roja. Oaxaca de Ju\u00e1rez, Oax., a 28 de abril de 2023.- El presidente municipal&hellip;<\/p>\n","protected":false},"author":2,"featured_media":49743,"comment_status":"closed","ping_status":"open","sticky":false,"template":"","format":"standard","meta":{"_lmt_disableupdate":"","_lmt_disable":"","_jetpack_memberships_contains_paid_content":false,"footnotes":""},"categories":[109],"tags":[3367,1127],"class_list":["post-54690","post","type-post","status-publish","format-standard","has-post-thumbnail","hentry","category-minuto-a-minuto","tag-luis-armando-olivera-lopez","tag-san-pablo-villa-de-mitla"],"jetpack_featured_media_url":"https:\/\/zonaroja.com.mx\/wp-content\/uploads\/2022\/12\/Luis-Armando-Olivera-Mitla.jpg","jetpack_sharing_enabled":true,"_links":{"self":[{"href":"https:\/\/zonaroja.com.mx\/index.php?rest_route=\/wp\/v2\/posts\/54690","targetHints":{"allow":["GET"]}}],"collection":[{"href":"https:\/\/zonaroja.com.mx\/index.php?rest_route=\/wp\/v2\/posts"}],"about":[{"href":"https:\/\/zonaroja.com.mx\/index.php?rest_route=\/wp\/v2\/types\/post"}],"author":[{"embeddable":true,"href":"https:\/\/zonaroja.com.mx\/index.php?rest_route=\/wp\/v2\/users\/2"}],"replies":[{"embeddable":true,"href":"https:\/\/zonaroja.com.mx\/index.php?rest_route=%2Fwp%2Fv2%2Fcomments&post=54690"}],"version-history":[{"count":1,"href":"https:\/\/zonaroja.com.mx\/index.php?rest_route=\/wp\/v2\/posts\/54690\/revisions"}],"predecessor-version":[{"id":54691,"href":"https:\/\/zonaroja.com.mx\/index.php?rest_route=\/wp\/v2\/posts\/54690\/revisions\/54691"}],"wp:featuredmedia":[{"embeddable":true,"href":"https:\/\/zonaroja.com.mx\/index.php?rest_route=\/wp\/v2\/media\/49743"}],"wp:attachment":[{"href":"https:\/\/zonaroja.com.mx\/index.php?rest_route=%2Fwp%2Fv2%2Fmedia&parent=54690"}],"wp:term":[{"taxonomy":"category","embeddable":true,"href":"https:\/\/zonaroja.com.mx\/index.php?rest_route=%2Fwp%2Fv2%2Fcategories&post=54690"},{"taxonomy":"post_tag","embeddable":true,"href":"https:\/\/zonaroja.com.mx\/index.php?rest_route=%2Fwp%2Fv2%2Ftags&post=54690"}],"curies":[{"name":"wp","href":"https:\/\/api.w.org\/{rel}","templated":true}]}}