{"id":54692,"date":"2023-04-28T22:04:33","date_gmt":"2023-04-29T03:04:33","guid":{"rendered":"http:\/\/www.zonaroja.com.mx\/?p=54692"},"modified":"2023-04-28T22:04:38","modified_gmt":"2023-04-29T03:04:38","slug":"insiste-neri-en-desatinado-operativo-contra-ambulantes-que-provoca-bloqueos","status":"publish","type":"post","link":"https:\/\/zonaroja.com.mx\/?p=54692","title":{"rendered":"Insiste Neri en desatinado operativo contra ambulantes, que provoca bloqueos"},"content":{"rendered":"\n<p>Yuridiana Sosa\/Zona Roja.<\/p>\n\n\n\n<p>Oaxaca de Ju\u00e1rez, Oax., a 28 de abril de 2023.- El operativo contra el comercio en la v\u00eda p\u00fablica en la capital volvi\u00f3 a causar el descontento de los vendedores, quienes acusaron al gobierno municipal de Francisco Mart\u00ednez Neri de un constantes hostigamiento para retirarlos a pesar de iniciar tr\u00e1mites para su regularizaci\u00f3n.<\/p>\n\n\n\n<p>Inspectores de comercio, acompa\u00f1ados por la Polic\u00eda Municipal, impidieron las instalaciones de decenas de puestos que se ubican sobre la calle Miguel Cabrera, misma que se ha convertido en una de las m\u00e1s congestionadas en el Centro Hist\u00f3rico.<\/p>\n\n\n\n<p>Los trabajadores del ayuntamiento comenzaron con la revisi\u00f3n de los permisos, pero de acuerdo con la autoridad, los ambulantes de esa zona no cumplieron con el requisito.<\/p>\n\n\n\n<p>De inmediato, los vendedores manifestaron su inconformidad con un bloqueo en la calle de Miguel Cabrera y Mina; luego de su retiro, los comerciantes volvieron a instalar otro bloqueo, ahora en la calle de Morelos e Independencia.<\/p>\n\n\n\n<p>\u201c\u00a1Necesitamos trabajar ya!\u201d, \u201cdevuelvan nuestros puestos\u201d, \u201cque se queden los que ya est\u00e1n y d\u00e9jennos trabajar\u201d, demandaron los comerciantes.<\/p>\n\n\n\n<p>El dirigente de los agremiados a la CTM, Pablo Hern\u00e1ndez, se\u00f1al\u00f3 que el gobierno de Mart\u00ednez Neri mantiene un hostigamiento a los ambulantes de su organizaci\u00f3n, pues desde hace varios meses iniciaron con procesos para regularizarse en pagos y no se los autorizan.<\/p>\n\n\n\n<p>Indic\u00f3 que de estos tr\u00e1mites ya est\u00e1 enterada la direcci\u00f3n de Comerciante en V\u00eda P\u00fablica y aun as\u00ed, con dolo, es demanda que muestren sus permisos con toda la intenci\u00f3n de retirarlos.<\/p>\n\n\n\n<figure class=\"wp-block-embed is-type-rich is-provider-twitter wp-block-embed-twitter\"><div class=\"wp-block-embed__wrapper\">\n<div class=\"twitter-tweet\"><blockquote class=\"twitter-tweet\" data-lang=\"es\"><p lang=\"es\" dir=\"ltr\">Y ante la incapacidad de funcionarios en diversas \u00e1reas del <a href=\"https:\/\/twitter.com\/MunicipioOaxaca?ref_src=twsrc%5Etfw\">@MunicipioOaxaca<\/a>, la regidora por el PRI, <a href=\"https:\/\/twitter.com\/jocabedbetanzos?ref_src=twsrc%5Etfw\">@jocabedbetanzos<\/a>, pidi\u00f3 al edil <a href=\"https:\/\/twitter.com\/FMartinezNeri?ref_src=twsrc%5Etfw\">@FMartinezNeri<\/a> la renuncia del titular de Comunicaci\u00f3n Social del gobierno municipal, Adri\u00e1n Garc\u00eda. <a href=\"https:\/\/t.co\/gS9iX4Y3aa\">pic.twitter.com\/gS9iX4Y3aa<\/a><\/p>&mdash; Zona Roja Oaxaca (@ZonaRoja_Oaxaca) <a href=\"https:\/\/twitter.com\/ZonaRoja_Oaxaca\/status\/1652118587543306240?ref_src=twsrc%5Etfw\">29 de abril de 2023<\/a><\/blockquote><\/div>\n<\/div><\/figure>\n","protected":false},"excerpt":{"rendered":"<p>Yuridiana Sosa\/Zona Roja. Oaxaca de Ju\u00e1rez, Oax., a 28 de abril de 2023.- El operativo&hellip;<\/p>\n","protected":false},"author":2,"featured_media":54693,"comment_status":"closed","ping_status":"open","sticky":false,"template":"","format":"standard","meta":{"_lmt_disableupdate":"","_lmt_disable":"","_jetpack_memberships_contains_paid_content":false,"footnotes":""},"categories":[109,47],"tags":[2418],"class_list":["post-54692","post","type-post","status-publish","format-standard","has-post-thumbnail","hentry","category-minuto-a-minuto","category-zona-gris","tag-francisco-martinez-neri"],"jetpack_featured_media_url":"https:\/\/zonaroja.com.mx\/wp-content\/uploads\/2023\/04\/Bloqueos-ciudad-de-Oaxaca.jpeg","jetpack_sharing_enabled":true,"_links":{"self":[{"href":"https:\/\/zonaroja.com.mx\/index.php?rest_route=\/wp\/v2\/posts\/54692","targetHints":{"allow":["GET"]}}],"collection":[{"href":"https:\/\/zonaroja.com.mx\/index.php?rest_route=\/wp\/v2\/posts"}],"about":[{"href":"https:\/\/zonaroja.com.mx\/index.php?rest_route=\/wp\/v2\/types\/post"}],"author":[{"embeddable":true,"href":"https:\/\/zonaroja.com.mx\/index.php?rest_route=\/wp\/v2\/users\/2"}],"replies":[{"embeddable":true,"href":"https:\/\/zonaroja.com.mx\/index.php?rest_route=%2Fwp%2Fv2%2Fcomments&post=54692"}],"version-history":[{"count":1,"href":"https:\/\/zonaroja.com.mx\/index.php?rest_route=\/wp\/v2\/posts\/54692\/revisions"}],"predecessor-version":[{"id":54694,"href":"https:\/\/zonaroja.com.mx\/index.php?rest_route=\/wp\/v2\/posts\/54692\/revisions\/54694"}],"wp:featuredmedia":[{"embeddable":true,"href":"https:\/\/zonaroja.com.mx\/index.php?rest_route=\/wp\/v2\/media\/54693"}],"wp:attachment":[{"href":"https:\/\/zonaroja.com.mx\/index.php?rest_route=%2Fwp%2Fv2%2Fmedia&parent=54692"}],"wp:term":[{"taxonomy":"category","embeddable":true,"href":"https:\/\/zonaroja.com.mx\/index.php?rest_route=%2Fwp%2Fv2%2Fcategories&post=54692"},{"taxonomy":"post_tag","embeddable":true,"href":"https:\/\/zonaroja.com.mx\/index.php?rest_route=%2Fwp%2Fv2%2Ftags&post=54692"}],"curies":[{"name":"wp","href":"https:\/\/api.w.org\/{rel}","templated":true}]}}