{"id":54695,"date":"2023-04-28T22:31:04","date_gmt":"2023-04-29T03:31:04","guid":{"rendered":"http:\/\/www.zonaroja.com.mx\/?p=54695"},"modified":"2023-04-28T22:31:07","modified_gmt":"2023-04-29T03:31:07","slug":"priorizan-en-xoxocotlan-seguridad-y-justicia-para-las-mujeres","status":"publish","type":"post","link":"https:\/\/zonaroja.com.mx\/?p=54695","title":{"rendered":"Priorizan en Xoxocotl\u00e1n seguridad y justicia para las mujeres"},"content":{"rendered":"\n<p>Redacci\u00f3n\/Zona Roja.<\/p>\n\n\n\n<p>Oaxaca de Ju\u00e1rez, Oax., a 28 de abril de 2023.- En Santa Cruz Xoxocotl\u00e1n, las mujeres son primero.<\/p>\n\n\n\n<p>As\u00ed qued\u00f3 de manifiesto la ma\u00f1ana de este viernes en que el gobierno municipal que encabeza Inocente Castellanos Alejos, fue anfitri\u00f3n de la Jornada de la Paz y Seguridad, que congreg\u00f3 a miles de mujeres, y con la que el Secretariado Ejecutivo del Sistema Estatal de Seguridad P\u00fablica de Oaxaca, que dirige Karina Bar\u00f3n Ortiz, acerca los servicios de m\u00e1s de 25 dependencias del gobierno estatal y federal.<\/p>\n\n\n\n<p>En punto de las nueve de la ma\u00f1ana en el parque municipal, mujeres provenientes de las ocho agencias municipales que conforman Xoxocotl\u00e1n, acudieron a recibir los servicios que les ofrecieron dependencias como el Registro Civil, Cultura, Seguridad Ciudadana, la Secretar\u00eda de la Mujer, la Fiscal\u00eda General del Estado y la Secretar\u00eda de Salud, entre otras.<\/p>\n\n\n\n<p>En el acto de inicio, el edil \u201cChente\u201d Castellanos destac\u00f3 las acciones que, a trav\u00e9s del DIF Municipal, que preside el maestro Eric Ortiz Hern\u00e1ndez, se realizan a favor de ese sector en la comunidad y, c\u00f3mo cada \u00e1rea de su gobierno ha creado estrategias tendientes a la capacitaci\u00f3n, atenci\u00f3n y prevenci\u00f3n de la violencia contra las mujeres.<\/p>\n\n\n\n<p>Ah\u00ed manifest\u00f3 su preocupaci\u00f3n por el crecimiento indiscriminado de los actos violentos en contra de las mujeres que no solo afecta a Oaxaca; por ello dio la bienvenida a la Jornada de la Paz y Seguridad que atiende asuntos que inciden de manera directa en el desarrollo de las mujeres como son la seguridad, la econom\u00eda, la certeza jur\u00eddica, el reconocimiento de su valor como seres individuales y dentro de la sociedad.<\/p>\n\n\n\n<figure class=\"wp-block-embed is-type-rich is-provider-twitter wp-block-embed-twitter\"><div class=\"wp-block-embed__wrapper\">\n<div class=\"twitter-tweet\"><blockquote class=\"twitter-tweet\" data-lang=\"es\"><p lang=\"es\" dir=\"ltr\">Esta ma\u00f1ana, el presidente municipal de <a href=\"https:\/\/twitter.com\/GobXoxocotlan?ref_src=twsrc%5Etfw\">@GobXoxocotlan<\/a>, <a href=\"https:\/\/twitter.com\/DrCCastellanos?ref_src=twsrc%5Etfw\">@DrCCastellanos<\/a>, y la titular de la <a href=\"https:\/\/twitter.com\/SESESP_GobOax?ref_src=twsrc%5Etfw\">@SESESP_GobOax<\/a>, <a href=\"https:\/\/twitter.com\/KarinaBaronO?ref_src=twsrc%5Etfw\">@KarinaBaronO<\/a>, encabezaron el inicio de la Jornada de Paz y Justicia para las Mujeres. <a href=\"https:\/\/t.co\/Yuv9nRa5fm\">pic.twitter.com\/Yuv9nRa5fm<\/a><\/p>&mdash; Zona Roja Oaxaca (@ZonaRoja_Oaxaca) <a href=\"https:\/\/twitter.com\/ZonaRoja_Oaxaca\/status\/1652035945682849792?ref_src=twsrc%5Etfw\">28 de abril de 2023<\/a><\/blockquote><\/div>\n<\/div><\/figure>\n\n\n\n<p>\u201cEn Xoxo tenemos claro que solo en unidad podemos avanzar en el combate a la violencia contra ellas, y es justo con la maestra Karina Bar\u00f3n, con quien hemos coincidido en que la defensa de la mujer ni tiene colores, ni tiene porque politizarse; proteger a las mujeres es acci\u00f3n a la que todo servidor p\u00fablico que presuma compromiso debe unirse\u201d, sostuvo.<\/p>\n\n\n\n<p>De su lado, la Secretaria Ejecutiva del SESP, Karina Bar\u00f3n, se\u00f1al\u00f3 el inter\u00e9s del Gobierno Estatal por coordinar esfuerzos con los municipios para frenar las practicas que ponen en riesgo a las mujeres oaxaque\u00f1as, al tiempo que destac\u00f3 las bondades de la Jornada de la Paz y Seguridad que en su quinta edici\u00f3n se desarrolla en varios municipios de los Valles Centrales.<\/p>\n\n\n\n<p>MUJER SEGURA<\/p>\n\n\n\n<p>Y para reforzar la tarea de seguridad para las xoxe\u00f1as, acompa\u00f1ado de la titular de la SESESP Oaxaca y de la subsecretaria de la Mujer, Yolanda Santos Monta\u00f1o, Inocente Castellanos puso en marcha el programa \u201cMujer Segura\u201d en esta demarcaci\u00f3n, con la activaci\u00f3n de una patrulla y una motopatrulla que apoyar\u00e1 en la atenci\u00f3n de denuncias por violencia contra las habitantes.<\/p>\n\n\n\n<p>Estas unidades son atendidas por mujeres polic\u00edas que fueron previamente capacitadas por la Direcci\u00f3n de G\u00e9nero de la Secretar\u00eda de Seguridad Ciudadana del Gobierno del Estado, en temas como Derechos Humanos, Violencia de G\u00e9nero, Atenci\u00f3n a V\u00edctimas, Proximidad Social y Atenci\u00f3n a Ni\u00f1as, Ni\u00f1os y Adolescentes.<\/p>\n\n\n\n<p>Durante el evento, las autoridades realizaron un recorrido por los estantes de las dependencias participantes y disfrutaron los murales alusivos pintados por el artista Andreas en el interior del edificio administrativo del gobierno municipal.<\/p>\n","protected":false},"excerpt":{"rendered":"<p>Redacci\u00f3n\/Zona Roja. Oaxaca de Ju\u00e1rez, Oax., a 28 de abril de 2023.- En Santa Cruz&hellip;<\/p>\n","protected":false},"author":2,"featured_media":54696,"comment_status":"closed","ping_status":"open","sticky":false,"template":"","format":"standard","meta":{"_lmt_disableupdate":"","_lmt_disable":"","_jetpack_memberships_contains_paid_content":false,"footnotes":""},"categories":[109,46],"tags":[133],"class_list":["post-54695","post","type-post","status-publish","format-standard","has-post-thumbnail","hentry","category-minuto-a-minuto","category-zona-blanca","tag-santa-cruz-xoxocotlan"],"jetpack_featured_media_url":"https:\/\/zonaroja.com.mx\/wp-content\/uploads\/2023\/04\/Jornada-Seguridad-Xoxocotlan.jpg","jetpack_sharing_enabled":true,"_links":{"self":[{"href":"https:\/\/zonaroja.com.mx\/index.php?rest_route=\/wp\/v2\/posts\/54695","targetHints":{"allow":["GET"]}}],"collection":[{"href":"https:\/\/zonaroja.com.mx\/index.php?rest_route=\/wp\/v2\/posts"}],"about":[{"href":"https:\/\/zonaroja.com.mx\/index.php?rest_route=\/wp\/v2\/types\/post"}],"author":[{"embeddable":true,"href":"https:\/\/zonaroja.com.mx\/index.php?rest_route=\/wp\/v2\/users\/2"}],"replies":[{"embeddable":true,"href":"https:\/\/zonaroja.com.mx\/index.php?rest_route=%2Fwp%2Fv2%2Fcomments&post=54695"}],"version-history":[{"count":1,"href":"https:\/\/zonaroja.com.mx\/index.php?rest_route=\/wp\/v2\/posts\/54695\/revisions"}],"predecessor-version":[{"id":54697,"href":"https:\/\/zonaroja.com.mx\/index.php?rest_route=\/wp\/v2\/posts\/54695\/revisions\/54697"}],"wp:featuredmedia":[{"embeddable":true,"href":"https:\/\/zonaroja.com.mx\/index.php?rest_route=\/wp\/v2\/media\/54696"}],"wp:attachment":[{"href":"https:\/\/zonaroja.com.mx\/index.php?rest_route=%2Fwp%2Fv2%2Fmedia&parent=54695"}],"wp:term":[{"taxonomy":"category","embeddable":true,"href":"https:\/\/zonaroja.com.mx\/index.php?rest_route=%2Fwp%2Fv2%2Fcategories&post=54695"},{"taxonomy":"post_tag","embeddable":true,"href":"https:\/\/zonaroja.com.mx\/index.php?rest_route=%2Fwp%2Fv2%2Ftags&post=54695"}],"curies":[{"name":"wp","href":"https:\/\/api.w.org\/{rel}","templated":true}]}}