{"id":54703,"date":"2023-04-29T07:59:56","date_gmt":"2023-04-29T12:59:56","guid":{"rendered":"http:\/\/www.zonaroja.com.mx\/?p=54703"},"modified":"2023-04-29T08:15:26","modified_gmt":"2023-04-29T13:15:26","slug":"exigen-investigar-muerte-de-mujer-que-presuntamente-se-avento-de-auto","status":"publish","type":"post","link":"https:\/\/zonaroja.com.mx\/?p=54703","title":{"rendered":"Exigen investigar feminicidio de mujer que presuntamente se avent\u00f3 de auto"},"content":{"rendered":"\n<p>Redacci\u00f3n\/Zona Roja.<\/p>\n\n\n\n<p>Oaxaca de Ju\u00e1rez, Oax., a 29 de abril de 2023.- Familiares de una mujer fallecida ayer por la madrugada en el municipio de Salina Cruz, exigieron investigar un probable feminicidio, pues supuestamente se arroj\u00f3 de un veh\u00edculo en movimiento.<\/p>\n\n\n\n<p>El hecho ocurri\u00f3 alrededor de las 03:30 horas de este viernes, en la calzada Refiner\u00eda, jurisdicci\u00f3n de la colonia Jardines, cuando la femenina, identificada como Mayra G. Q. C. de 37 a\u00f1os de edad, se arroj\u00f3 de una unidad de motor.<\/p>\n\n\n\n<p>Presuntamente pretend\u00edan plagiarla, por lo cual decidi\u00f3 abrir la puerta del veh\u00edculo y se tir\u00f3 al pavimento; otra versi\u00f3n extraoficial es que fue por violencia de su pareja.<\/p>\n\n\n\n<p>Param\u00e9dicos arribaron al lugar y brindaron los primeros auxilios, pero corroboraron que ya no contaba con signos vitales. Personal de la Vicefiscal\u00eda Regional del Istmo inici\u00f3 las indagatorias correspondientes.<\/p>\n\n\n\n<p>En tanto, familiares de la v\u00edctima exigieron se investigue a la brevedad el m\u00f3vil, pues metros m\u00e1s adelante donde ocurri\u00f3 el percance, se hall\u00f3 el veh\u00edculo del esposo de la v\u00edctima, identificado como Alberto J. C., quien se hallaba en la unidad de motor marca Chevrolet tipo Sonic, con placas de circulaci\u00f3n TMK 4791, por lo cual fue detenido.<\/p>\n","protected":false},"excerpt":{"rendered":"<p>Redacci\u00f3n\/Zona Roja. Oaxaca de Ju\u00e1rez, Oax., a 29 de abril de 2023.- Familiares de una&hellip;<\/p>\n","protected":false},"author":2,"featured_media":54704,"comment_status":"closed","ping_status":"open","sticky":false,"template":"","format":"standard","meta":{"_lmt_disableupdate":"","_lmt_disable":"","_jetpack_memberships_contains_paid_content":false,"footnotes":""},"categories":[109,51],"tags":[168],"class_list":["post-54703","post","type-post","status-publish","format-standard","has-post-thumbnail","hentry","category-minuto-a-minuto","category-zona-roja","tag-salina-cruz"],"jetpack_featured_media_url":"https:\/\/zonaroja.com.mx\/wp-content\/uploads\/2023\/04\/Accidente-Salina-Cruz.jpg","jetpack_sharing_enabled":true,"_links":{"self":[{"href":"https:\/\/zonaroja.com.mx\/index.php?rest_route=\/wp\/v2\/posts\/54703","targetHints":{"allow":["GET"]}}],"collection":[{"href":"https:\/\/zonaroja.com.mx\/index.php?rest_route=\/wp\/v2\/posts"}],"about":[{"href":"https:\/\/zonaroja.com.mx\/index.php?rest_route=\/wp\/v2\/types\/post"}],"author":[{"embeddable":true,"href":"https:\/\/zonaroja.com.mx\/index.php?rest_route=\/wp\/v2\/users\/2"}],"replies":[{"embeddable":true,"href":"https:\/\/zonaroja.com.mx\/index.php?rest_route=%2Fwp%2Fv2%2Fcomments&post=54703"}],"version-history":[{"count":2,"href":"https:\/\/zonaroja.com.mx\/index.php?rest_route=\/wp\/v2\/posts\/54703\/revisions"}],"predecessor-version":[{"id":54711,"href":"https:\/\/zonaroja.com.mx\/index.php?rest_route=\/wp\/v2\/posts\/54703\/revisions\/54711"}],"wp:featuredmedia":[{"embeddable":true,"href":"https:\/\/zonaroja.com.mx\/index.php?rest_route=\/wp\/v2\/media\/54704"}],"wp:attachment":[{"href":"https:\/\/zonaroja.com.mx\/index.php?rest_route=%2Fwp%2Fv2%2Fmedia&parent=54703"}],"wp:term":[{"taxonomy":"category","embeddable":true,"href":"https:\/\/zonaroja.com.mx\/index.php?rest_route=%2Fwp%2Fv2%2Fcategories&post=54703"},{"taxonomy":"post_tag","embeddable":true,"href":"https:\/\/zonaroja.com.mx\/index.php?rest_route=%2Fwp%2Fv2%2Ftags&post=54703"}],"curies":[{"name":"wp","href":"https:\/\/api.w.org\/{rel}","templated":true}]}}