{"id":54707,"date":"2023-04-29T12:59:00","date_gmt":"2023-04-29T17:59:00","guid":{"rendered":"http:\/\/www.zonaroja.com.mx\/?p=54707"},"modified":"2023-04-29T08:10:15","modified_gmt":"2023-04-29T13:10:15","slug":"chocan-dos-helicopteros-militares-de-eu-hay-tres-soldados-muertos","status":"publish","type":"post","link":"https:\/\/zonaroja.com.mx\/?p=54707","title":{"rendered":"Chocan dos helic\u00f3pteros militares de EU; hay tres soldados muertos"},"content":{"rendered":"\n<p>Redacci\u00f3n\/Zona Roja Cdmx.<\/p>\n\n\n\n<p>Ciudad de M\u00e9xico, a 29 de abril de 2023.- Dos helic\u00f3pteros del Ej\u00e9rcito de Estados Unidos chocaron y se estrellaron en Alaska cuando regresaban de un vuelo de entrenamiento. Tres soldados fallecieron y otro result\u00f3 herido.<\/p>\n\n\n\n<p>Dos de los soldados murieron en el lugar del siniestro, cerca de Healy, Alaska, y el tercero de camino a un hospital en Fairbanks, explic\u00f3 el Ej\u00e9rcito en un comunicado. El herido estaba siendo atendido en un hospital.<\/p>\n\n\n\n<p>\u00abLos nombres de las v\u00edctimas no se har\u00e1n p\u00fablicos hasta que se informe a las familias\u00bb, agreg\u00f3 la nota.<\/p>\n\n\n\n<p>Las dos aeronaves pertenec\u00edan al Primer Batall\u00f3n de Ataque del 25to Regimiento de Aviaci\u00f3n de Fort Wainwright, con base cerca de Fairbanks.<\/p>\n\n\n\n<p>\u201cEs una p\u00e9rdida incre\u00edble para las familias de esos soldados, para sus compa\u00f1eros y para la divisi\u00f3n\u00bb, dijo el mayor general Brian Eifler, comandante general de la 11ma Divisi\u00f3n Aerotransportada, en la nota.&nbsp;<\/p>\n\n\n\n<p>\u201cNuestros corazones y oraciones est\u00e1n con sus familias, amigos y seres queridos y estamos poniendo todos los recursos del ej\u00e9rcito a su disposici\u00f3n para ayudarlos\u00bb.<\/p>\n\n\n\n<p>La causa del accidente estaba bajo investigaci\u00f3n, indic\u00f3 el ej\u00e9rcito, a\u00f1adiendo que se ofrecer\u00e1n m\u00e1s detalles cuando est\u00e9n disponibles.<\/p>\n\n\n\n<p>Este es el segundo siniestro de helic\u00f3pteros militares en Alaska en lo que va de a\u00f1o. En febrero, dos soldados resultaron heridos cuando un Apache volc\u00f3 tras despegar de Talkeetna.<\/p>\n\n\n\n<p>(Informaci\u00f3n de la agencia AP)<\/p>\n","protected":false},"excerpt":{"rendered":"<p>Redacci\u00f3n\/Zona Roja Cdmx. Ciudad de M\u00e9xico, a 29 de abril de 2023.- Dos helic\u00f3pteros del&hellip;<\/p>\n","protected":false},"author":2,"featured_media":54708,"comment_status":"closed","ping_status":"open","sticky":false,"template":"","format":"standard","meta":{"_lmt_disableupdate":"","_lmt_disable":"","_jetpack_memberships_contains_paid_content":false,"footnotes":""},"categories":[109,47],"tags":[],"class_list":["post-54707","post","type-post","status-publish","format-standard","has-post-thumbnail","hentry","category-minuto-a-minuto","category-zona-gris"],"jetpack_featured_media_url":"https:\/\/zonaroja.com.mx\/wp-content\/uploads\/2023\/04\/Choque-helicopteros-Estados-Unidos.webp","jetpack_sharing_enabled":true,"_links":{"self":[{"href":"https:\/\/zonaroja.com.mx\/index.php?rest_route=\/wp\/v2\/posts\/54707","targetHints":{"allow":["GET"]}}],"collection":[{"href":"https:\/\/zonaroja.com.mx\/index.php?rest_route=\/wp\/v2\/posts"}],"about":[{"href":"https:\/\/zonaroja.com.mx\/index.php?rest_route=\/wp\/v2\/types\/post"}],"author":[{"embeddable":true,"href":"https:\/\/zonaroja.com.mx\/index.php?rest_route=\/wp\/v2\/users\/2"}],"replies":[{"embeddable":true,"href":"https:\/\/zonaroja.com.mx\/index.php?rest_route=%2Fwp%2Fv2%2Fcomments&post=54707"}],"version-history":[{"count":1,"href":"https:\/\/zonaroja.com.mx\/index.php?rest_route=\/wp\/v2\/posts\/54707\/revisions"}],"predecessor-version":[{"id":54709,"href":"https:\/\/zonaroja.com.mx\/index.php?rest_route=\/wp\/v2\/posts\/54707\/revisions\/54709"}],"wp:featuredmedia":[{"embeddable":true,"href":"https:\/\/zonaroja.com.mx\/index.php?rest_route=\/wp\/v2\/media\/54708"}],"wp:attachment":[{"href":"https:\/\/zonaroja.com.mx\/index.php?rest_route=%2Fwp%2Fv2%2Fmedia&parent=54707"}],"wp:term":[{"taxonomy":"category","embeddable":true,"href":"https:\/\/zonaroja.com.mx\/index.php?rest_route=%2Fwp%2Fv2%2Fcategories&post=54707"},{"taxonomy":"post_tag","embeddable":true,"href":"https:\/\/zonaroja.com.mx\/index.php?rest_route=%2Fwp%2Fv2%2Ftags&post=54707"}],"curies":[{"name":"wp","href":"https:\/\/api.w.org\/{rel}","templated":true}]}}