{"id":54712,"date":"2023-04-29T08:33:16","date_gmt":"2023-04-29T13:33:16","guid":{"rendered":"http:\/\/www.zonaroja.com.mx\/?p=54712"},"modified":"2023-04-29T08:33:22","modified_gmt":"2023-04-29T13:33:22","slug":"acepta-gobierno-que-uso-a-policias-para-desalojar-protesta-y-se-equivoca-en-datos","status":"publish","type":"post","link":"https:\/\/zonaroja.com.mx\/?p=54712","title":{"rendered":"Acepta gobierno que us\u00f3 a polic\u00edas para desalojar protesta\u2026 y se equivoca en datos"},"content":{"rendered":"\n<p>Redacci\u00f3n\/Zona Roja.<\/p>\n\n\n\n<p>Oaxaca de Ju\u00e1rez, Oax., a 29 de abril de 2023.- Por en\u00e9sima ocasi\u00f3n, y a pesar de que presume el di\u00e1logo como medio para dirimir conflictos, el gobierno de Oaxaca que encabeza el morenista Salom\u00f3n Jara Cruz, utiliz\u00f3 la fuerza p\u00fablica para retirar una protesta y campamento de Ejido Mogo\u00f1\u00e9, San Juan Guichicovi.<\/p>\n\n\n\n<p>No obstante, en el comunicado emitido anoche a trav\u00e9s del \u00e1rea de comunicaci\u00f3n social, la Secretar\u00eda de Gobierno se equivoc\u00f3 en los datos, pues dijo que los manifestantes cumpl\u00edan un mes de bloqueo, cuando eran 62 d\u00edas, y que eran cinco detenidos, cuando en realidad eran seis.<\/p>\n\n\n\n<p>En su bolet\u00edn corregido posteriormente, calific\u00f3 como \u201cun reducido grupo de personas\u201d a los manifestantes, que fueron desalojados ayer al mediod\u00eda por parte de marinos, polic\u00edas estatales y Guardia Nacional, de la v\u00eda f\u00e9rrea que forma parte del Corredor Interoce\u00e1nico del Istmo de Tehuantepec.<\/p>\n\n\n\n<p>Identific\u00f3 a las personas detenidas como M.M.M.I., E.M.I., E.M.I., F.F.G., A.C.T. e I.M.I., quienes fueron puestas a disposici\u00f3n del Ministerio P\u00fablico de la Fiscal\u00eda General del Estado de Oaxaca.<\/p>\n\n\n\n<p>\u201cEste grupo de personas se ha negado a la soluci\u00f3n y a aceptar los acuerdos a los que se lleg\u00f3 con la asamblea de la comunidad y las autoridades comunales, las cuales est\u00e1n de acuerdo con el proyecto\u201d, inform\u00f3 en su comunicado.<\/p>\n\n\n\n<p>Justific\u00f3 que el operativo se realiz\u00f3 a \u201cpetici\u00f3n del Gobierno de M\u00e9xico y particularmente de la Secretar\u00eda de Marina, la cual est\u00e1 a cargo del Corredor Trans\u00edstmico, en una acci\u00f3n conjunta de instituciones locales y federales, ya que se obstaculizaba el avance de los trabajos, particularmente del Ferrocarril del Istmo\u201d.<\/p>\n\n\n\n<p>El gobierno indic\u00f3 que, \u201cde acuerdo con los dict\u00e1menes\u201d, se otorgaron diversas indemnizaciones y se ha dado respuesta a varias obras de beneficio social que solicit\u00f3 la comunidad privilegiando siempre el di\u00e1logo, con todos los actores, las autoridades agrarias y el agente municipal, y se han logrado avances.<\/p>\n\n\n\n<p>\u201cIncluso en la asamblea que se realiz\u00f3 hace algunos d\u00edas se aprob\u00f3 la continuidad de los trabajos, sin embargo, un peque\u00f1o grupo, particularmente una familia, se opone a los trabajos y ha solicitado una cantidad de recursos que est\u00e1 fuera de la l\u00f3gica de apoyo, tanto del Gobierno del Estado como federal.<\/p>\n\n\n\n<p>\u201cEste grupo se ha negado rotundamente e incluso cerraron la posibilidad de cualquier trabajo, se ha dialogado con ellos y se ha insistido, sin embargo, se negaron y el proyecto tiene que seguir\u201d, manifest\u00f3 en su bolet\u00edn.<\/p>\n\n\n\n<p>\u201cEste d\u00eda (ayer) la empresa se present\u00f3 a trabajar y opusieron resistencia por lo que intervinieron elementos de seguridad y detuvieron a las seis personas que fueron puestas a disposici\u00f3n de la Fiscal\u00eda General del Estado y corresponder\u00e1 a las instancias federales lo consecuente\u201d, remarc\u00f3, al precisar que se han mantenido con ellos 10 mesas de trabajo.<\/p>\n\n\n\n<p>Y pese al uso de la fuerza p\u00fablica, se contradijo de nuevo:<\/p>\n\n\n\n<p>\u201cEl Gobierno del Estado siempre apuesta por el di\u00e1logo y prueba de ello son las reuniones que se han sostenido con la autoridad de la agencia y las personas afectadas, a quienes se les ha planteado siempre que se puede construir una soluci\u00f3n\u201d.<\/p>\n","protected":false},"excerpt":{"rendered":"<p>Redacci\u00f3n\/Zona Roja. Oaxaca de Ju\u00e1rez, Oax., a 29 de abril de 2023.- Por en\u00e9sima ocasi\u00f3n,&hellip;<\/p>\n","protected":false},"author":2,"featured_media":54713,"comment_status":"closed","ping_status":"open","sticky":false,"template":"","format":"standard","meta":{"_lmt_disableupdate":"","_lmt_disable":"","_jetpack_memberships_contains_paid_content":false,"footnotes":""},"categories":[109,47],"tags":[2765],"class_list":["post-54712","post","type-post","status-publish","format-standard","has-post-thumbnail","hentry","category-minuto-a-minuto","category-zona-gris","tag-mogone-san-juan-guichicovi"],"jetpack_featured_media_url":"https:\/\/zonaroja.com.mx\/wp-content\/uploads\/2023\/04\/Desalojo-Estacion-Mogone-Istmo.jpg","jetpack_sharing_enabled":true,"_links":{"self":[{"href":"https:\/\/zonaroja.com.mx\/index.php?rest_route=\/wp\/v2\/posts\/54712","targetHints":{"allow":["GET"]}}],"collection":[{"href":"https:\/\/zonaroja.com.mx\/index.php?rest_route=\/wp\/v2\/posts"}],"about":[{"href":"https:\/\/zonaroja.com.mx\/index.php?rest_route=\/wp\/v2\/types\/post"}],"author":[{"embeddable":true,"href":"https:\/\/zonaroja.com.mx\/index.php?rest_route=\/wp\/v2\/users\/2"}],"replies":[{"embeddable":true,"href":"https:\/\/zonaroja.com.mx\/index.php?rest_route=%2Fwp%2Fv2%2Fcomments&post=54712"}],"version-history":[{"count":1,"href":"https:\/\/zonaroja.com.mx\/index.php?rest_route=\/wp\/v2\/posts\/54712\/revisions"}],"predecessor-version":[{"id":54714,"href":"https:\/\/zonaroja.com.mx\/index.php?rest_route=\/wp\/v2\/posts\/54712\/revisions\/54714"}],"wp:featuredmedia":[{"embeddable":true,"href":"https:\/\/zonaroja.com.mx\/index.php?rest_route=\/wp\/v2\/media\/54713"}],"wp:attachment":[{"href":"https:\/\/zonaroja.com.mx\/index.php?rest_route=%2Fwp%2Fv2%2Fmedia&parent=54712"}],"wp:term":[{"taxonomy":"category","embeddable":true,"href":"https:\/\/zonaroja.com.mx\/index.php?rest_route=%2Fwp%2Fv2%2Fcategories&post=54712"},{"taxonomy":"post_tag","embeddable":true,"href":"https:\/\/zonaroja.com.mx\/index.php?rest_route=%2Fwp%2Fv2%2Ftags&post=54712"}],"curies":[{"name":"wp","href":"https:\/\/api.w.org\/{rel}","templated":true}]}}