{"id":54715,"date":"2023-04-29T12:58:00","date_gmt":"2023-04-29T17:58:00","guid":{"rendered":"http:\/\/www.zonaroja.com.mx\/?p=54715"},"modified":"2023-04-29T09:04:03","modified_gmt":"2023-04-29T14:04:03","slug":"repudian-organizaciones-desalojo-violento-de-manifestantes-en-el-istmo","status":"publish","type":"post","link":"https:\/\/zonaroja.com.mx\/?p=54715","title":{"rendered":"Repudian organizaciones desalojo violento de manifestantes en el Istmo"},"content":{"rendered":"\n<p>Ismael Garc\u00eda M.\/Zona Roja.<\/p>\n\n\n\n<p>Oaxaca de Ju\u00e1rez, Oax., a 29 de abril de 2023.- Organizaciones sociales de Oaxaca y del pa\u00eds repudiaron el desalojo policiaco registrado ayer en contra de ejidatarios de Mogo\u00f1\u00e9, San Juan Guichicovi, quienes exig\u00edan desde hace dos meses indemnizaci\u00f3n justa por el paso del tren del Corredor Interoce\u00e1nico.<\/p>\n\n\n\n<p>\u201cEs lamentable que este gobierno del \u2018cambio\u2019, quien prometi\u00f3 y expres\u00f3 p\u00fablicamente no cometer actos en contra de la poblaci\u00f3n, utilice la fuerza represiva y castrense para reprimir la protesta &nbsp;social y el derecho a la libre determinaci\u00f3n y manifestaci\u00f3n de los pueblos.<\/p>\n\n\n\n<p>\u201cEs fundamental que estos actos represivos, no solo no se cometan y no se repitan, por lo tanto exigimos que se garantice la integridad de cada uno de los defensores y defensoras de la tierra y el territorio, detenidos en este operativo, que se presenten con vida y que se garantice su integridad f\u00edsica\u201d, manifestaron.&nbsp;<\/p>\n\n\n\n<p>A trav\u00e9s de un comunicado, explicaron que estos actos son parte de una estrategia que busca detener y agredir las acciones de la Caravana el Sur Resiste, \u201cque da visibilidad a la guerra del poder en contra de los pueblos como es el caso de lo compa\u00f1eros que manten\u00edan desde hace 60 d\u00edas este plant\u00f3n\u201d.&nbsp;<\/p>\n\n\n\n<p>Demandaron la liberaci\u00f3n inmediata de las seis personas detenidas ayer y convocaron a dem\u00e1s organizaciones filiales para \u201cgenerar acciones diversas para detener de una vez esto actos represivos del estado\u201d.&nbsp;<\/p>\n\n\n\n<p>El documento dirigido a las autoridades federales y estatales de Oaxaca lo firman, entre otros, Iniciativas para el Desarrollo de la Mujer Oaxaque\u00f1a (IDEMO), Coordinadora Nacional Plan de Ayala Movimiento Nacional (CNPA MN ), UNTA, Movimiento Agrario Ind\u00edgena Zapatista (MAIZ), Corriente del pueblo Sol Rojo, Uni\u00f3n de Comunidades Indigenas de la Zona Note de Istmo (Ucizoni) &nbsp;UCIO-EZ, Red de Radios Indigenas y Comunitarias del Sureste Mexicano.<\/p>\n\n\n\n<p>Servicios para una Educaci\u00f3n Alternativa (Educa) Organizaciones Indias por los Derechos Humanos en Oaxaca, Asamblea de los Pueblos Ind\u00edgenas del Istmo en Defensa de la Tierra y el Territorio, Comit\u00e9 por la Defensa de los Derechos ind\u00edgenas (CODEDI), Consejo de Comunidades Ind\u00edgenas de la Sierra Sur.<\/p>\n\n\n\n<p>Mazatecas por la Libertad de Eloxochitl\u00e1n de Flores Mag\u00f3n, Grupo de Apoyo para el Desarrollo de las Comunidades Mixes del Estado de Oaxaca, Centro de Derechos Humanos de los Pueblos del Sur de Veracruz Bety Cari\u00f1o AC, Proceso de Articulaci\u00f3n de la Sierra de Santa Marta, C\u00f3digo DH, Centro de Derechos Humanos Bartolom\u00e9 Carrasco, Colectivo de Mujeres de Ayutla Mixe.<\/p>\n","protected":false},"excerpt":{"rendered":"<p>Ismael Garc\u00eda M.\/Zona Roja. Oaxaca de Ju\u00e1rez, Oax., a 29 de abril de 2023.- Organizaciones&hellip;<\/p>\n","protected":false},"author":2,"featured_media":54716,"comment_status":"closed","ping_status":"open","sticky":false,"template":"","format":"standard","meta":{"_lmt_disableupdate":"","_lmt_disable":"","_jetpack_memberships_contains_paid_content":false,"footnotes":""},"categories":[109,47],"tags":[2765],"class_list":["post-54715","post","type-post","status-publish","format-standard","has-post-thumbnail","hentry","category-minuto-a-minuto","category-zona-gris","tag-mogone-san-juan-guichicovi"],"jetpack_featured_media_url":"https:\/\/zonaroja.com.mx\/wp-content\/uploads\/2023\/04\/Caravana-El-Sur-Resiste-Mogone-Guichicovi.jpeg","jetpack_sharing_enabled":true,"_links":{"self":[{"href":"https:\/\/zonaroja.com.mx\/index.php?rest_route=\/wp\/v2\/posts\/54715","targetHints":{"allow":["GET"]}}],"collection":[{"href":"https:\/\/zonaroja.com.mx\/index.php?rest_route=\/wp\/v2\/posts"}],"about":[{"href":"https:\/\/zonaroja.com.mx\/index.php?rest_route=\/wp\/v2\/types\/post"}],"author":[{"embeddable":true,"href":"https:\/\/zonaroja.com.mx\/index.php?rest_route=\/wp\/v2\/users\/2"}],"replies":[{"embeddable":true,"href":"https:\/\/zonaroja.com.mx\/index.php?rest_route=%2Fwp%2Fv2%2Fcomments&post=54715"}],"version-history":[{"count":1,"href":"https:\/\/zonaroja.com.mx\/index.php?rest_route=\/wp\/v2\/posts\/54715\/revisions"}],"predecessor-version":[{"id":54717,"href":"https:\/\/zonaroja.com.mx\/index.php?rest_route=\/wp\/v2\/posts\/54715\/revisions\/54717"}],"wp:featuredmedia":[{"embeddable":true,"href":"https:\/\/zonaroja.com.mx\/index.php?rest_route=\/wp\/v2\/media\/54716"}],"wp:attachment":[{"href":"https:\/\/zonaroja.com.mx\/index.php?rest_route=%2Fwp%2Fv2%2Fmedia&parent=54715"}],"wp:term":[{"taxonomy":"category","embeddable":true,"href":"https:\/\/zonaroja.com.mx\/index.php?rest_route=%2Fwp%2Fv2%2Fcategories&post=54715"},{"taxonomy":"post_tag","embeddable":true,"href":"https:\/\/zonaroja.com.mx\/index.php?rest_route=%2Fwp%2Fv2%2Ftags&post=54715"}],"curies":[{"name":"wp","href":"https:\/\/api.w.org\/{rel}","templated":true}]}}