{"id":54720,"date":"2023-04-29T13:12:00","date_gmt":"2023-04-29T18:12:00","guid":{"rendered":"http:\/\/www.zonaroja.com.mx\/?p=54720"},"modified":"2023-04-29T09:17:52","modified_gmt":"2023-04-29T14:17:52","slug":"anuncian-premios-para-deportistas-con-discapacidad-en-medio-maraton","status":"publish","type":"post","link":"https:\/\/zonaroja.com.mx\/?p=54720","title":{"rendered":"Anuncian premios para deportistas con discapacidad, en Medio Marat\u00f3n"},"content":{"rendered":"\n<p>Redacci\u00f3n\/Territorio Score.<\/p>\n\n\n\n<p>Oaxaca de Ju\u00e1rez, Oax., a 29 de abril de 2023.- M\u00e1s de 50 mil pesos en efectivo ser\u00e1n repartidos entre los ganadores de las diferentes categor\u00edas para personas con discapacidad que participar\u00e1n en el Primer Medio Marat\u00f3n, por el 491 aniversario de la Ciudad de Oaxaca.<\/p>\n\n\n\n<p>La inclusi\u00f3n, desarrollo y promoci\u00f3n de las personas con alguna discapacidad en cualquier actividad, debe ser reconocida.&nbsp;<\/p>\n\n\n\n<p>Por ello, el esfuerzo deportivo de este sector ser\u00e1 premiado por el presidente municipal de la capital oaxaque\u00f1a, Francisco Mart\u00ednez Neri, en las tres distancias convocadas: 21 kil\u00f3metros, 10 kil\u00f3metros y 5 kil\u00f3metros.<\/p>\n\n\n\n<p>El edil capitalino, como apoyo a este sector de la poblaci\u00f3n, orden\u00f3 que se les condonara la cuota de recuperaci\u00f3n.&nbsp;<\/p>\n\n\n\n<p>Cabe mencionar que las inscripciones las pueden realizar en las oficinas del Instituto Municipal del Deporte, que se ubican en Esteban Baca Calder\u00f3n n\u00famero 300 del Infonavit Primero de Mayo.<\/p>\n\n\n\n<p>La justa atl\u00e9tica se realizar\u00e1 el domingo 30 de abril a las 07:00 horas con salida y llegada en Santo Domingo de Guzm\u00e1n.<\/p>\n","protected":false},"excerpt":{"rendered":"<p>Redacci\u00f3n\/Territorio Score. Oaxaca de Ju\u00e1rez, Oax., a 29 de abril de 2023.- M\u00e1s de 50&hellip;<\/p>\n","protected":false},"author":2,"featured_media":54722,"comment_status":"closed","ping_status":"open","sticky":false,"template":"","format":"standard","meta":{"_lmt_disableupdate":"","_lmt_disable":"","_jetpack_memberships_contains_paid_content":false,"footnotes":""},"categories":[109,46],"tags":[148],"class_list":["post-54720","post","type-post","status-publish","format-standard","has-post-thumbnail","hentry","category-minuto-a-minuto","category-zona-blanca","tag-oaxaca-de-juarez"],"jetpack_featured_media_url":"https:\/\/zonaroja.com.mx\/wp-content\/uploads\/2023\/04\/Deportistas-discapacitados.jpg","jetpack_sharing_enabled":true,"_links":{"self":[{"href":"https:\/\/zonaroja.com.mx\/index.php?rest_route=\/wp\/v2\/posts\/54720","targetHints":{"allow":["GET"]}}],"collection":[{"href":"https:\/\/zonaroja.com.mx\/index.php?rest_route=\/wp\/v2\/posts"}],"about":[{"href":"https:\/\/zonaroja.com.mx\/index.php?rest_route=\/wp\/v2\/types\/post"}],"author":[{"embeddable":true,"href":"https:\/\/zonaroja.com.mx\/index.php?rest_route=\/wp\/v2\/users\/2"}],"replies":[{"embeddable":true,"href":"https:\/\/zonaroja.com.mx\/index.php?rest_route=%2Fwp%2Fv2%2Fcomments&post=54720"}],"version-history":[{"count":1,"href":"https:\/\/zonaroja.com.mx\/index.php?rest_route=\/wp\/v2\/posts\/54720\/revisions"}],"predecessor-version":[{"id":54723,"href":"https:\/\/zonaroja.com.mx\/index.php?rest_route=\/wp\/v2\/posts\/54720\/revisions\/54723"}],"wp:featuredmedia":[{"embeddable":true,"href":"https:\/\/zonaroja.com.mx\/index.php?rest_route=\/wp\/v2\/media\/54722"}],"wp:attachment":[{"href":"https:\/\/zonaroja.com.mx\/index.php?rest_route=%2Fwp%2Fv2%2Fmedia&parent=54720"}],"wp:term":[{"taxonomy":"category","embeddable":true,"href":"https:\/\/zonaroja.com.mx\/index.php?rest_route=%2Fwp%2Fv2%2Fcategories&post=54720"},{"taxonomy":"post_tag","embeddable":true,"href":"https:\/\/zonaroja.com.mx\/index.php?rest_route=%2Fwp%2Fv2%2Ftags&post=54720"}],"curies":[{"name":"wp","href":"https:\/\/api.w.org\/{rel}","templated":true}]}}