{"id":54732,"date":"2023-04-30T12:55:00","date_gmt":"2023-04-30T17:55:00","guid":{"rendered":"http:\/\/www.zonaroja.com.mx\/?p=54732"},"modified":"2023-04-30T07:37:19","modified_gmt":"2023-04-30T12:37:19","slug":"dia-del-nino-en-mexico-celebracion-con-intento-de-desaparecer-sipinna","status":"publish","type":"post","link":"https:\/\/zonaroja.com.mx\/?p=54732","title":{"rendered":"D\u00eda del Ni\u00f1o en M\u00e9xico, celebraci\u00f3n con intento de desaparecer SIPINNA"},"content":{"rendered":"\n<p>Redacci\u00f3n\/Zona Roja Cdmx.<\/p>\n\n\n\n<p>Ciudad de M\u00e9xico, a 30 de abril de 2023.- En Mexico, la celebraci\u00f3n por el D\u00eda del Ni\u00f1o y de la Ni\u00f1a se realiza en medio de un intento legislativo que viola el principio de no regresividad de los derechos, por la Iniciativa de ley enviada por el presidente a la C\u00e1mara de Diputados para desaparecer o fusionar 18 organismos y entidades federales en M\u00e9xico, entre ellos el Sistema Nacional de Protecci\u00f3n Integral de Ni\u00f1as, Ni\u00f1os y Adolescentes (SIPINNA).<\/p>\n\n\n\n<p>\u00abEsta iniciativa representa un retroceso democr\u00e1tico y una regresi\u00f3n institucional para la garant\u00eda de derechos humanos de poblaciones altamente excluidas, entre ellas la ni\u00f1ez y la juventud\u00bb, se\u00f1al\u00f3 Tejiendo Redes Infancia en Am\u00e9rica Latina y el Caribe.<\/p>\n\n\n\n<p>Esta organizaci\u00f3n apunt\u00f3 que los avances han sido paulatinos en M\u00e9xico, pero existen puntos de inflexi\u00f3n muy importantes como la aprobaci\u00f3n por unanimidad de la Ley General de Derechos de Ni\u00f1as, Ni\u00f1as y Adolescentes que sustentan la creaci\u00f3n del SIPINNA, como mecanismo de coordinaci\u00f3n de la pol\u00edtica p\u00fablica, desde el m\u00e1s alto nivel de gobernabilidad democr\u00e1tica. Su caracter\u00edstica central es que no es una instituci\u00f3n con burocracia; sino un \u00f3rgano desconcentrado en SEGOB para estimular la especializaci\u00f3n de la funci\u00f3n p\u00fablica, homologar la perspectiva de infancia, evita la duplicidad de programas, facilitar el ahorro de recursos p\u00fablicos y hacer m\u00e1s eficiente los servicios a la ni\u00f1ez.<\/p>\n\n\n\n<p>La Red record\u00f3 que las expertas y expertos internacionales -ex integrantes- del Comit\u00e9 de los Derechos del Ni\u00f1o de las Naciones Unidas alertaron al presidente y al Estado mexicano, del grave retroceso para el derecho internacional, adem\u00e1s de destacar que el SIPINNA es el modelo m\u00e1s importante de las Am\u00e9ricas, y esto tiene un gran valor porque puede inspirar, como dise\u00f1o de pol\u00edtica p\u00fablica a otros pa\u00edses. Insistiendo pensar c\u00f3mo fortalecer al SIPINNA mexicano.<\/p>\n\n\n\n<p>Este 30 de abril se cumplen cinco a\u00f1os que L\u00f3pez Obrador firm\u00f3 nueve compromisos a favor de la ni\u00f1ez mexicana con las organizaciones sociales. El primer compromiso era fortalecer al SIPINNA en todo el pa\u00eds.&nbsp;<\/p>\n\n\n\n<p>Es pertinente reiterar la invitaci\u00f3n a honrar su palabra con hechos, reconsiderando los errores cometidos y trabajando intensamente en la \u00faltima etapa de su administraci\u00f3n en cumplir los nueve compromisos por la ni\u00f1ez.<\/p>\n\n\n\n<p>(Informaci\u00f3n de MVS Noticias)<\/p>\n","protected":false},"excerpt":{"rendered":"<p>Redacci\u00f3n\/Zona Roja Cdmx. Ciudad de M\u00e9xico, a 30 de abril de 2023.- En Mexico, la&hellip;<\/p>\n","protected":false},"author":2,"featured_media":54734,"comment_status":"closed","ping_status":"open","sticky":false,"template":"","format":"standard","meta":{"_lmt_disableupdate":"","_lmt_disable":"","_jetpack_memberships_contains_paid_content":false,"footnotes":""},"categories":[109,47],"tags":[],"class_list":["post-54732","post","type-post","status-publish","format-standard","has-post-thumbnail","hentry","category-minuto-a-minuto","category-zona-gris"],"jetpack_featured_media_url":"https:\/\/zonaroja.com.mx\/wp-content\/uploads\/2023\/04\/SIPINNA.jpeg","jetpack_sharing_enabled":true,"_links":{"self":[{"href":"https:\/\/zonaroja.com.mx\/index.php?rest_route=\/wp\/v2\/posts\/54732","targetHints":{"allow":["GET"]}}],"collection":[{"href":"https:\/\/zonaroja.com.mx\/index.php?rest_route=\/wp\/v2\/posts"}],"about":[{"href":"https:\/\/zonaroja.com.mx\/index.php?rest_route=\/wp\/v2\/types\/post"}],"author":[{"embeddable":true,"href":"https:\/\/zonaroja.com.mx\/index.php?rest_route=\/wp\/v2\/users\/2"}],"replies":[{"embeddable":true,"href":"https:\/\/zonaroja.com.mx\/index.php?rest_route=%2Fwp%2Fv2%2Fcomments&post=54732"}],"version-history":[{"count":1,"href":"https:\/\/zonaroja.com.mx\/index.php?rest_route=\/wp\/v2\/posts\/54732\/revisions"}],"predecessor-version":[{"id":54735,"href":"https:\/\/zonaroja.com.mx\/index.php?rest_route=\/wp\/v2\/posts\/54732\/revisions\/54735"}],"wp:featuredmedia":[{"embeddable":true,"href":"https:\/\/zonaroja.com.mx\/index.php?rest_route=\/wp\/v2\/media\/54734"}],"wp:attachment":[{"href":"https:\/\/zonaroja.com.mx\/index.php?rest_route=%2Fwp%2Fv2%2Fmedia&parent=54732"}],"wp:term":[{"taxonomy":"category","embeddable":true,"href":"https:\/\/zonaroja.com.mx\/index.php?rest_route=%2Fwp%2Fv2%2Fcategories&post=54732"},{"taxonomy":"post_tag","embeddable":true,"href":"https:\/\/zonaroja.com.mx\/index.php?rest_route=%2Fwp%2Fv2%2Ftags&post=54732"}],"curies":[{"name":"wp","href":"https:\/\/api.w.org\/{rel}","templated":true}]}}