{"id":54736,"date":"2023-04-30T10:00:00","date_gmt":"2023-04-30T15:00:00","guid":{"rendered":"http:\/\/www.zonaroja.com.mx\/?p=54736"},"modified":"2023-04-30T07:43:02","modified_gmt":"2023-04-30T12:43:02","slug":"en-xoxocotlan-ninas-y-ninos-conviven-con-la-guardia-nacional","status":"publish","type":"post","link":"https:\/\/zonaroja.com.mx\/?p=54736","title":{"rendered":"En Xoxocotl\u00e1n, ni\u00f1as y ni\u00f1os conviven con la Guardia Nacional"},"content":{"rendered":"\n<p>Redacci\u00f3n\/Zona Roja.<\/p>\n\n\n\n<p>Oaxaca de Ju\u00e1rez, Oax., a 30 de abril de 2023.- Decenas de ni\u00f1as y ni\u00f1os disfrutaron este s\u00e1bado de la exhibici\u00f3n de la Guardia Nacional, que se realiz\u00f3 bajo la organizaci\u00f3n del DIF Municipal que preside Eric Enmanuel Ortiz Hern\u00e1ndez y en la que estuvieron presentes autoridades municipales, mandos y elementos de esa corporaci\u00f3n, del Ejercito Mexicano y del municipio.<\/p>\n\n\n\n<p>Toc\u00f3 al presidente honorario del DIF dar la bienvenida a las y los peque\u00f1os, que acompa\u00f1ados por sus familias, se dieron cita puntualmente para participar en esta jornada de exhibiciones que realiza la Guardia Nacional en Oaxaca y cuya primera sede fue esta comunidad.<\/p>\n\n\n\n<p>En su mensaje, Ortiz Hern\u00e1ndez reconoci\u00f3 la val\u00eda de los elementos de las fuerzas federales, que, en momentos de crisis en M\u00e9xico, se convierten en verdaderos h\u00e9roes de gran valor, disciplina y amor a su Patria.<\/p>\n\n\n\n<p>\u201cHe visto e incluso he sentido esa admiraci\u00f3n que despiertan en las y los ni\u00f1os, estas mujeres y hombres dedicados a mantener la paz en nuestro pa\u00eds; en reconocimiento a ellos y para cumplir uno de los sue\u00f1os de nuestros infantes hoy los recibimos, como parte tambi\u00e9n de una de las tareas que realizamos para que las futuras generaciones aprendan jugando y se formen una idea clara del enorme compromiso que significa cumplir con la ley\u201d, dijo.<\/p>\n\n\n\n<figure class=\"wp-block-embed is-type-rich is-provider-twitter wp-block-embed-twitter\"><div class=\"wp-block-embed__wrapper\">\n<div class=\"twitter-tweet\"><blockquote class=\"twitter-tweet\" data-lang=\"es\"><p lang=\"es\" dir=\"ltr\">En el marco del D\u00eda del Ni\u00f1o y la Ni\u00f1a, a invitaci\u00f3n del <a href=\"https:\/\/twitter.com\/GobXoxocotlan?ref_src=twsrc%5Etfw\">@GobXoxocotlan<\/a> que preside <a href=\"https:\/\/twitter.com\/DrCCastellanos?ref_src=twsrc%5Etfw\">@DrCCastellanos<\/a>, personal de la <a href=\"https:\/\/twitter.com\/GN_MEXICO_?ref_src=twsrc%5Etfw\">@GN_MEXICO_<\/a> convivio con los peque\u00f1os en la explanada municipal. <a href=\"https:\/\/t.co\/WNSCdcvAsP\">pic.twitter.com\/WNSCdcvAsP<\/a><\/p>&mdash; Zona Roja Oaxaca (@ZonaRoja_Oaxaca) <a href=\"https:\/\/twitter.com\/ZonaRoja_Oaxaca\/status\/1652370411231883266?ref_src=twsrc%5Etfw\">29 de abril de 2023<\/a><\/blockquote><\/div>\n<\/div><\/figure>\n\n\n\n<p>FAMILIA Y UNIDAD<\/p>\n\n\n\n<p>Por su lado, el presidente municipal, Inocente Castellanos Alejos, destac\u00f3 la importancia que tiene para su gobierno \u201csembrar en las y los ni\u00f1os las semillas del respeto y la responsabilidad\u201d, a partir de este tipo de actividades que fomentan el rescate de valores como el respeto, la honestidad, la solidaridad y la responsabilidad.<\/p>\n\n\n\n<p>\u201cPara nosotros como gobierno es importante llamar a las madres y los padres de familia para que unidos avancemos hacia la construcci\u00f3n de una comunidad pac\u00edfica, donde las y los ciudadanos disfruten de una vida tranquila y de pleno desarrollo, queremos que Xoxo tenga un futuro a la altura de los nuevos tiempos\u201d, puntualiz\u00f3.<\/p>\n\n\n\n<p>A nombre de la Guardia Nacional, el subagente de Proximidad Social, Jos\u00e9 Luis Ric\u00e1rdez Villanueva, agradeci\u00f3 el reconocimiento que les otorg\u00f3 el Cabildo de este municipio y la recepci\u00f3n y entusiasmo de las y los ni\u00f1os que durante varias horas conocieron del equipo, unidades y actividades que desarrolla la Guardia Nacional, los militares, el Heroico Cuerpo de Bomberos y la Polic\u00eda Municipal y vial de Xoxocotl\u00e1n.<\/p>\n\n\n\n<p>\u201cAqu\u00ed no somos una sola agrupaci\u00f3n o autoridad, aqu\u00ed todos somos equipo y somos uno mismo en la intenci\u00f3n y el trabajo a favor de todas ustedes, porque nos preocupa que sus entornos sean seguros y lleven una vida plena y libre de violencia\u201d, manifest\u00f3, al tiempo en que agradeci\u00f3 la hospitalidad y entusiasmo de las y los ni\u00f1os xoxe\u00f1os.<\/p>\n\n\n\n<p>Entre los anfitriones, estuvo tambi\u00e9n el Cabildo Infantil que encabeza Marco Antonio Linares Hern\u00e1ndez.<\/p>\n","protected":false},"excerpt":{"rendered":"<p>Redacci\u00f3n\/Zona Roja. Oaxaca de Ju\u00e1rez, Oax., a 30 de abril de 2023.- Decenas de ni\u00f1as&hellip;<\/p>\n","protected":false},"author":2,"featured_media":54737,"comment_status":"closed","ping_status":"open","sticky":false,"template":"","format":"standard","meta":{"_lmt_disableupdate":"","_lmt_disable":"","_jetpack_memberships_contains_paid_content":false,"footnotes":""},"categories":[109,46],"tags":[133],"class_list":["post-54736","post","type-post","status-publish","format-standard","has-post-thumbnail","hentry","category-minuto-a-minuto","category-zona-blanca","tag-santa-cruz-xoxocotlan"],"jetpack_featured_media_url":"https:\/\/zonaroja.com.mx\/wp-content\/uploads\/2023\/04\/Xoxocotlan-Guardia-Nacional-Inocente-Castellanos.jpeg","jetpack_sharing_enabled":true,"_links":{"self":[{"href":"https:\/\/zonaroja.com.mx\/index.php?rest_route=\/wp\/v2\/posts\/54736","targetHints":{"allow":["GET"]}}],"collection":[{"href":"https:\/\/zonaroja.com.mx\/index.php?rest_route=\/wp\/v2\/posts"}],"about":[{"href":"https:\/\/zonaroja.com.mx\/index.php?rest_route=\/wp\/v2\/types\/post"}],"author":[{"embeddable":true,"href":"https:\/\/zonaroja.com.mx\/index.php?rest_route=\/wp\/v2\/users\/2"}],"replies":[{"embeddable":true,"href":"https:\/\/zonaroja.com.mx\/index.php?rest_route=%2Fwp%2Fv2%2Fcomments&post=54736"}],"version-history":[{"count":1,"href":"https:\/\/zonaroja.com.mx\/index.php?rest_route=\/wp\/v2\/posts\/54736\/revisions"}],"predecessor-version":[{"id":54738,"href":"https:\/\/zonaroja.com.mx\/index.php?rest_route=\/wp\/v2\/posts\/54736\/revisions\/54738"}],"wp:featuredmedia":[{"embeddable":true,"href":"https:\/\/zonaroja.com.mx\/index.php?rest_route=\/wp\/v2\/media\/54737"}],"wp:attachment":[{"href":"https:\/\/zonaroja.com.mx\/index.php?rest_route=%2Fwp%2Fv2%2Fmedia&parent=54736"}],"wp:term":[{"taxonomy":"category","embeddable":true,"href":"https:\/\/zonaroja.com.mx\/index.php?rest_route=%2Fwp%2Fv2%2Fcategories&post=54736"},{"taxonomy":"post_tag","embeddable":true,"href":"https:\/\/zonaroja.com.mx\/index.php?rest_route=%2Fwp%2Fv2%2Ftags&post=54736"}],"curies":[{"name":"wp","href":"https:\/\/api.w.org\/{rel}","templated":true}]}}