{"id":54739,"date":"2023-04-30T08:02:56","date_gmt":"2023-04-30T13:02:56","guid":{"rendered":"http:\/\/www.zonaroja.com.mx\/?p=54739"},"modified":"2023-04-30T08:02:57","modified_gmt":"2023-04-30T13:02:57","slug":"en-ocho-dias-tres-ejecutados-a-balazos-en-juchitan-de-zaragoza","status":"publish","type":"post","link":"https:\/\/zonaroja.com.mx\/?p=54739","title":{"rendered":"En ocho d\u00edas, tres ejecutados a balazos en Juchit\u00e1n de Zaragoza"},"content":{"rendered":"\n<p>Redacci\u00f3n\/Zona Roja.<\/p>\n\n\n\n<p>Oaxaca de Ju\u00e1rez, Oax., a 30 de abril de 2023.- En ocho d\u00edas, tres personas fueron ejecutadas a balazos en Juchit\u00e1n de Zaragoza, Oaxaca, adem\u00e1s de registrarse m\u00faltiples asaltos a transe\u00fantes, comercios y hasta a feligreses de una iglesia evang\u00e9lica.<\/p>\n\n\n\n<p>El m\u00e1s reciente crimen ocurri\u00f3 la madrugada de ayer, en la calle principal de la colonia Tierra y Libertad de la S\u00e9ptima Secci\u00f3n, una de las zonas m\u00e1s inseguras del municipio, gobernado por el morenista Miguel S\u00e1nchez Altamirano.<\/p>\n\n\n\n<p>En el pavimento fue localizado el cuerpo de una persona del sexo masculino, al que param\u00e9dicos del Cuerpo de Bomberos brindaron los primeros auxilios, pero corroboraron que ya no contaba con signos vitales, debido a varios impactos de bala que presentaba.<\/p>\n\n\n\n<p>La v\u00edctima fue identificada como Mariano V. A., vecino de la colonia Adolfo C. Gurri\u00f3n; hasta el momento se desconoce el m\u00f3vil del crimen as\u00ed como la identidad del o de los delincuentes.<\/p>\n\n\n\n<p>Apenas el jueves, otra persona fue asesinada a balazos en Juchit\u00e1n y una m\u00e1s el pasado s\u00e1bado 22 de abril, sin que haya personas detenidas por estos casos.<\/p>\n\n\n\n<p>Pese a la grave inseguridad, hasta ahora el edil \u2014que supli\u00f3 a Emilio Montero P\u00e9rez, actual director del Instituto Estatal de Educaci\u00f3n P\u00fablica de Oaxaca\u2014 no ha implementado acciones preventivas ni reforzado el esquema de seguridad.<\/p>\n\n\n\n<p>Y ayer iniciaron las festividades tradicionales conocidas como Velas, tanto en Juchit\u00e1n como en otros municipios, que est\u00e1n amenazadas por la ola de violencia en varias zonas de la regi\u00f3n del Istmo de Tehuantepec.<\/p>\n","protected":false},"excerpt":{"rendered":"<p>Redacci\u00f3n\/Zona Roja. Oaxaca de Ju\u00e1rez, Oax., a 30 de abril de 2023.- En ocho d\u00edas,&hellip;<\/p>\n","protected":false},"author":2,"featured_media":54740,"comment_status":"closed","ping_status":"open","sticky":false,"template":"","format":"standard","meta":{"_lmt_disableupdate":"","_lmt_disable":"","_jetpack_memberships_contains_paid_content":false,"footnotes":""},"categories":[109,51],"tags":[123],"class_list":["post-54739","post","type-post","status-publish","format-standard","has-post-thumbnail","hentry","category-minuto-a-minuto","category-zona-roja","tag-juchitan-de-zaragoza"],"jetpack_featured_media_url":"https:\/\/zonaroja.com.mx\/wp-content\/uploads\/2023\/04\/Ejecutado-Juchitan-de-Zaragoza.jpg","jetpack_sharing_enabled":true,"_links":{"self":[{"href":"https:\/\/zonaroja.com.mx\/index.php?rest_route=\/wp\/v2\/posts\/54739","targetHints":{"allow":["GET"]}}],"collection":[{"href":"https:\/\/zonaroja.com.mx\/index.php?rest_route=\/wp\/v2\/posts"}],"about":[{"href":"https:\/\/zonaroja.com.mx\/index.php?rest_route=\/wp\/v2\/types\/post"}],"author":[{"embeddable":true,"href":"https:\/\/zonaroja.com.mx\/index.php?rest_route=\/wp\/v2\/users\/2"}],"replies":[{"embeddable":true,"href":"https:\/\/zonaroja.com.mx\/index.php?rest_route=%2Fwp%2Fv2%2Fcomments&post=54739"}],"version-history":[{"count":1,"href":"https:\/\/zonaroja.com.mx\/index.php?rest_route=\/wp\/v2\/posts\/54739\/revisions"}],"predecessor-version":[{"id":54741,"href":"https:\/\/zonaroja.com.mx\/index.php?rest_route=\/wp\/v2\/posts\/54739\/revisions\/54741"}],"wp:featuredmedia":[{"embeddable":true,"href":"https:\/\/zonaroja.com.mx\/index.php?rest_route=\/wp\/v2\/media\/54740"}],"wp:attachment":[{"href":"https:\/\/zonaroja.com.mx\/index.php?rest_route=%2Fwp%2Fv2%2Fmedia&parent=54739"}],"wp:term":[{"taxonomy":"category","embeddable":true,"href":"https:\/\/zonaroja.com.mx\/index.php?rest_route=%2Fwp%2Fv2%2Fcategories&post=54739"},{"taxonomy":"post_tag","embeddable":true,"href":"https:\/\/zonaroja.com.mx\/index.php?rest_route=%2Fwp%2Fv2%2Ftags&post=54739"}],"curies":[{"name":"wp","href":"https:\/\/api.w.org\/{rel}","templated":true}]}}