{"id":54745,"date":"2023-04-30T12:00:00","date_gmt":"2023-04-30T17:00:00","guid":{"rendered":"http:\/\/www.zonaroja.com.mx\/?p=54745"},"modified":"2023-04-30T08:32:46","modified_gmt":"2023-04-30T13:32:46","slug":"diversas-ong-emiten-alerta-por-detenciones-en-mogone-entre-ellas-4-mujeres","status":"publish","type":"post","link":"https:\/\/zonaroja.com.mx\/?p=54745","title":{"rendered":"Diversas ONG emiten alerta por detenciones en Mogo\u00f1\u00e9, entre ellas 4 mujeres"},"content":{"rendered":"\n<p>Redacci\u00f3n\/Zona Roja.<\/p>\n\n\n\n<p>Oaxaca de Ju\u00e1rez, Oax., a 30 de abril de 2023.- La Red de Mujeres Activistas y Defensoras de Derechos Humanos de Oaxaca, integrada por m\u00e1s de 150 defensoras de las diversas regiones de Oaxaca y Consorcio para el Di\u00e1logo Parlamentario y la Equidad Oaxaca A.C., emitieron una alerta por la detenci\u00f3n de seis personas en Ejido Estaci\u00f3n Mogo\u00f1\u00e9, San Juan Guichicovi, el pasado viernes 28 de abril.<\/p>\n\n\n\n<p>En esa fecha, elementos de la Polic\u00eda Estatal, Guardia Nacional y Secretar\u00eda de Marina, efectuaron un violento desalojo de ejidatarios que desde hace dos meses manten\u00edan una protesta con bloqueo a las v\u00edas f\u00e9rreas que forman parte del Corredor Interoce\u00e1nico, a fin de exigir indemnizaci\u00f3n justa de sus tierras.<\/p>\n\n\n\n<p>Las mujeres v\u00edctimas de detenci\u00f3n son Mar\u00eda Magdalena Mart\u00ednez Isabel, Elizabeth Mart\u00ednez Isabel, Esperanza Mart\u00ednez Isabel y Adela Severo Teodora, de quienes los organismos civiles desconocen hasta ahora su situaci\u00f3n jur\u00eddica.<\/p>\n\n\n\n<p>En un comunicado, condenaron condenaron el desalojo violento,&nbsp;as\u00ed como&nbsp;las&nbsp;detenciones de&nbsp;las seis personas dos de ellas del sexo masculino.<\/p>\n\n\n\n<p>Fueron&nbsp;detenidos mientras se encontraban&nbsp;en el campamento&nbsp;\u201cTierra y Libertad\u201d&nbsp;que mantienen&nbsp;para denunciar&nbsp;la afectaci\u00f3n que genera la imposici\u00f3n&nbsp;y construcci\u00f3n&nbsp;del Tren Trans\u00edstmico en sus comunidades.&nbsp;<\/p>\n\n\n\n<p>Denunciaron tambi\u00e9n destrozos, robo,&nbsp;as\u00ed como&nbsp;golpes en contra de Adela Severo Teodora.<\/p>\n\n\n\n<p>Desde&nbsp;la instalaci\u00f3n del campamento,&nbsp;el 1 de marzo,&nbsp;en reiteradas ocasiones integrantes de la Guardia Nacional y Marina han intimidado, hostigado, amenazado y tratado de desalojar a las y los defensores originarios de Mat\u00edas Romero, San Juan Guichicovi y San Juan Mazatl\u00e1n.<\/p>\n\n\n\n<p>Fueron tambi\u00e9n v\u00edctimas de ataques&nbsp;integrantes de organizaciones de la sociedad civil como la Uni\u00f3n de Comunidades Ind\u00edgenas de la Zona Norte del Istmo (Ucizoni).&nbsp;<\/p>\n\n\n\n<p>La Red de Defensoras de Oaxaca y Consorcio Oaxaca condenaron la&nbsp;crimninalizaci\u00f3n de la protesta social, la&nbsp;represi\u00f3n y ataques reiterados. Exigieron garant\u00edas para&nbsp;la defensa de la tierra y el territorio&nbsp;en el Istmo de Tehuantepec.<\/p>\n\n\n\n<p>En tanto, ayer al mediod\u00eda, un grupo de ind\u00edgenas triquis, encabezadas por Sergia Zepeda, efectuaron un \u201cplant\u00f3n\u201d, en la sede de la Defensor\u00eda de los Derechos Humanos del Pueblo de Oaxaca, en la capital, para exigir la liberaci\u00f3n de las personas detenidas y para repudiar el uso de la fuerza p\u00fablica, por parte del gobierno de Salom\u00f3n Jara Cruz.<\/p>\n\n\n\n<figure class=\"wp-block-embed is-type-rich is-provider-twitter wp-block-embed-twitter\"><div class=\"wp-block-embed__wrapper\">\n<div class=\"twitter-tweet\"><blockquote class=\"twitter-tweet\" data-lang=\"es\"><p lang=\"es\" dir=\"ltr\"><a href=\"https:\/\/twitter.com\/hashtag\/%C3%9AltimoMinuto?src=hash&amp;ref_src=twsrc%5Etfw\">#\u00daltimoMinuto<\/a><br>En la sede de la <a href=\"https:\/\/twitter.com\/DDHPO?ref_src=twsrc%5Etfw\">@DDHPO<\/a>, un grupo de ind\u00edgenas triquis encabezado por Sergia Zepeda, protesta para sumarse a la exigencia de liberaci\u00f3n de las seis personas detenidas ayer en Estaci\u00f3n Mogo\u00f1\u00e9, San Juan Guichicovi, tras el violento desalojo policiaco y militar. <a href=\"https:\/\/t.co\/sFIhlzOrD1\">pic.twitter.com\/sFIhlzOrD1<\/a><\/p>&mdash; Zona Roja Oaxaca (@ZonaRoja_Oaxaca) <a href=\"https:\/\/twitter.com\/ZonaRoja_Oaxaca\/status\/1652392042369110021?ref_src=twsrc%5Etfw\">29 de abril de 2023<\/a><\/blockquote><\/div>\n<\/div><\/figure>\n","protected":false},"excerpt":{"rendered":"<p>Redacci\u00f3n\/Zona Roja. Oaxaca de Ju\u00e1rez, Oax., a 30 de abril de 2023.- La Red de&hellip;<\/p>\n","protected":false},"author":2,"featured_media":54746,"comment_status":"closed","ping_status":"open","sticky":false,"template":"","format":"standard","meta":{"_lmt_disableupdate":"","_lmt_disable":"","_jetpack_memberships_contains_paid_content":false,"footnotes":""},"categories":[109,47],"tags":[2765],"class_list":["post-54745","post","type-post","status-publish","format-standard","has-post-thumbnail","hentry","category-minuto-a-minuto","category-zona-gris","tag-mogone-san-juan-guichicovi"],"jetpack_featured_media_url":"https:\/\/zonaroja.com.mx\/wp-content\/uploads\/2023\/04\/Protesta-triquis-Oaxaca-en-la-capital-caso-Mogone.jpg","jetpack_sharing_enabled":true,"_links":{"self":[{"href":"https:\/\/zonaroja.com.mx\/index.php?rest_route=\/wp\/v2\/posts\/54745","targetHints":{"allow":["GET"]}}],"collection":[{"href":"https:\/\/zonaroja.com.mx\/index.php?rest_route=\/wp\/v2\/posts"}],"about":[{"href":"https:\/\/zonaroja.com.mx\/index.php?rest_route=\/wp\/v2\/types\/post"}],"author":[{"embeddable":true,"href":"https:\/\/zonaroja.com.mx\/index.php?rest_route=\/wp\/v2\/users\/2"}],"replies":[{"embeddable":true,"href":"https:\/\/zonaroja.com.mx\/index.php?rest_route=%2Fwp%2Fv2%2Fcomments&post=54745"}],"version-history":[{"count":2,"href":"https:\/\/zonaroja.com.mx\/index.php?rest_route=\/wp\/v2\/posts\/54745\/revisions"}],"predecessor-version":[{"id":54748,"href":"https:\/\/zonaroja.com.mx\/index.php?rest_route=\/wp\/v2\/posts\/54745\/revisions\/54748"}],"wp:featuredmedia":[{"embeddable":true,"href":"https:\/\/zonaroja.com.mx\/index.php?rest_route=\/wp\/v2\/media\/54746"}],"wp:attachment":[{"href":"https:\/\/zonaroja.com.mx\/index.php?rest_route=%2Fwp%2Fv2%2Fmedia&parent=54745"}],"wp:term":[{"taxonomy":"category","embeddable":true,"href":"https:\/\/zonaroja.com.mx\/index.php?rest_route=%2Fwp%2Fv2%2Fcategories&post=54745"},{"taxonomy":"post_tag","embeddable":true,"href":"https:\/\/zonaroja.com.mx\/index.php?rest_route=%2Fwp%2Fv2%2Ftags&post=54745"}],"curies":[{"name":"wp","href":"https:\/\/api.w.org\/{rel}","templated":true}]}}