{"id":54749,"date":"2023-04-30T12:33:00","date_gmt":"2023-04-30T17:33:00","guid":{"rendered":"http:\/\/www.zonaroja.com.mx\/?p=54749"},"modified":"2023-04-30T09:18:13","modified_gmt":"2023-04-30T14:18:13","slug":"oposicion-en-el-senado-impugnara-la-mayoria-de-leyes-aprobadas-por-morenistas","status":"publish","type":"post","link":"https:\/\/zonaroja.com.mx\/?p=54749","title":{"rendered":"Oposici\u00f3n en el Senado impugnar\u00e1 la mayor\u00eda de leyes aprobadas por morenistas"},"content":{"rendered":"\n<p>Redacci\u00f3n\/Zona Roja Cdmx.<\/p>\n\n\n\n<p>Ciudad de M\u00e9xico, a 30 de abril de 2023.- Morena en el Senado asegur\u00f3 ayer que la veintena de leyes aprobadas en la madrugada del s\u00e1bado se avalaron en una sesi\u00f3n absolutamente legal y leg\u00edtima, luego de que la oposici\u00f3n ratific\u00f3 que judicializar\u00e1 todas las reformas, con excepci\u00f3n de la llamada ley 3 de 3.<\/p>\n\n\n\n<p>\u201cRevisaremos con lupa la sesi\u00f3n\u201d, desde el qu\u00f3rum, la votaci\u00f3n, los que recibieron los votos, para llevarla al Poder Judicial, pues \u201ceste partido no ha terminado\u201d, advirti\u00f3 el senador Germ\u00e1n Mart\u00ednez (grupo plural).<\/p>\n\n\n\n<p>Calific\u00f3 de bochornosa la sesi\u00f3n del Senado con la que concluy\u00f3 el periodo ordinario, pues se aval\u00f3 dar m\u00e1s poder a los militares y una ley minera que no favorece a los trabajadores y mantiene privilegios de las concesionarias. Tambi\u00e9n, un irracional ataque al Conacyt, a la fiscalizaci\u00f3n al cerrar los \u00f3rganos internos de control y el cr\u00e9dito al campo. \u201cInhumanidad tras inhumanidad\u201d, afirm\u00f3 en un video.<\/p>\n\n\n\n<p>Julen Rementer\u00eda, coordinador de los senadores panistas, subray\u00f3 que Morena sesion\u00f3 en lo \u201coscurito\u201d y no hay certeza de que haya tenido quorum. \u201cEn la Corte nos vamos a ver porque hay cosas que no se pueden permitir, que se est\u00e1n documentando y, en su momento, tendremos que presentar\u201d. Aclar\u00f3, sin embargo, que no se impugnar\u00e1 la llamada ley 3 de 3.<\/p>\n\n\n\n<p>APROBACI\u00d3N LEGAL<\/p>\n\n\n\n<p>Ricardo Monreal, coordinador de los senadores de Morena, enfatiz\u00f3 que la mayor\u00eda aprob\u00f3, conforme al procedimiento legislativo, las reformas prioritarias que se plantearon para el cierre del periodo ordinario.<\/p>\n\n\n\n<p>Apunt\u00f3 que est\u00e1n abiertas las puertas del di\u00e1logo. No obstante, Rementer\u00eda recalc\u00f3 que la relaci\u00f3n con Morena y sus aliados seguir\u00e1 siendo r\u00edspida. \u201cMientras no cambien y no se pongan a favor de M\u00e9xico, no podremos transitar con ellos\u201d.<\/p>\n\n\n\n<p>Alejandro Armenta, presidente del Senado, indic\u00f3 que la oposici\u00f3n est\u00e1 en su derecho de presentar cualquier recurso, tras defender la validez de la sesi\u00f3n de la madrugada del s\u00e1bado en la casona de Xicot\u00e9ncatl. \u201cEs absolutamente legal y leg\u00edtima, porque hicimos los procedimientos de manera escrupulosa\u201d.<\/p>\n\n\n\n<p>Resalt\u00f3 que el reglamento y la ley se\u00f1alan que podr\u00e1n sesionar en cualquier edificio del Senado o instalaciones que sean declaradas recinto oficial.<\/p>\n\n\n\n<p>En Durango, el diputado panista Santiago Creel critic\u00f3 que en 24 horas, M\u00e9xico retrocedi\u00f3 24 a\u00f1os con la decisiones tomadas en la c\u00e1mara alta.<\/p>\n\n\n\n<p>(Informaci\u00f3n de \u201cLa Jornada\u201d)<\/p>\n","protected":false},"excerpt":{"rendered":"<p>Redacci\u00f3n\/Zona Roja Cdmx. Ciudad de M\u00e9xico, a 30 de abril de 2023.- Morena en el&hellip;<\/p>\n","protected":false},"author":2,"featured_media":54750,"comment_status":"closed","ping_status":"open","sticky":false,"template":"","format":"standard","meta":{"_lmt_disableupdate":"","_lmt_disable":"","_jetpack_memberships_contains_paid_content":false,"footnotes":""},"categories":[109,47],"tags":[771],"class_list":["post-54749","post","type-post","status-publish","format-standard","has-post-thumbnail","hentry","category-minuto-a-minuto","category-zona-gris","tag-senado-de-la-republica"],"jetpack_featured_media_url":"https:\/\/zonaroja.com.mx\/wp-content\/uploads\/2023\/04\/Impugnaran-reformas-senado.jpeg","jetpack_sharing_enabled":true,"_links":{"self":[{"href":"https:\/\/zonaroja.com.mx\/index.php?rest_route=\/wp\/v2\/posts\/54749","targetHints":{"allow":["GET"]}}],"collection":[{"href":"https:\/\/zonaroja.com.mx\/index.php?rest_route=\/wp\/v2\/posts"}],"about":[{"href":"https:\/\/zonaroja.com.mx\/index.php?rest_route=\/wp\/v2\/types\/post"}],"author":[{"embeddable":true,"href":"https:\/\/zonaroja.com.mx\/index.php?rest_route=\/wp\/v2\/users\/2"}],"replies":[{"embeddable":true,"href":"https:\/\/zonaroja.com.mx\/index.php?rest_route=%2Fwp%2Fv2%2Fcomments&post=54749"}],"version-history":[{"count":1,"href":"https:\/\/zonaroja.com.mx\/index.php?rest_route=\/wp\/v2\/posts\/54749\/revisions"}],"predecessor-version":[{"id":54751,"href":"https:\/\/zonaroja.com.mx\/index.php?rest_route=\/wp\/v2\/posts\/54749\/revisions\/54751"}],"wp:featuredmedia":[{"embeddable":true,"href":"https:\/\/zonaroja.com.mx\/index.php?rest_route=\/wp\/v2\/media\/54750"}],"wp:attachment":[{"href":"https:\/\/zonaroja.com.mx\/index.php?rest_route=%2Fwp%2Fv2%2Fmedia&parent=54749"}],"wp:term":[{"taxonomy":"category","embeddable":true,"href":"https:\/\/zonaroja.com.mx\/index.php?rest_route=%2Fwp%2Fv2%2Fcategories&post=54749"},{"taxonomy":"post_tag","embeddable":true,"href":"https:\/\/zonaroja.com.mx\/index.php?rest_route=%2Fwp%2Fv2%2Ftags&post=54749"}],"curies":[{"name":"wp","href":"https:\/\/api.w.org\/{rel}","templated":true}]}}