{"id":54754,"date":"2023-04-30T12:25:00","date_gmt":"2023-04-30T17:25:00","guid":{"rendered":"http:\/\/www.zonaroja.com.mx\/?p=54754"},"modified":"2023-04-30T09:27:36","modified_gmt":"2023-04-30T14:27:36","slug":"logra-fiscalia-vincular-a-proceso-otros-dos-casos-de-violacion-a-menores","status":"publish","type":"post","link":"https:\/\/zonaroja.com.mx\/?p=54754","title":{"rendered":"Logra Fiscal\u00eda vincular a proceso otros dos casos de violaci\u00f3n a menores"},"content":{"rendered":"\n<p>Redacci\u00f3n\/Zona Roja.<\/p>\n\n\n\n<p>Oaxaca de Ju\u00e1rez, Oax., a 30 de abril de 2023.- La Fiscal\u00eda General del Estado de Oaxaca (FGEO) obtuvo auto de vinculaci\u00f3n a proceso, en dos casos diferentes, por el delito de violaci\u00f3n equiparada -en agravio de dos menores de edad-, por hechos ocurridos en la regi\u00f3n de la Costa.<\/p>\n\n\n\n<p>En el primero de los casos, la acci\u00f3n expedita de la FGEO permiti\u00f3 ejecutar una orden de aprehensi\u00f3n en contra de una persona del sexo masculino identificada por las iniciales F. G. L., luego que, el 19 de abril del a\u00f1o en curso en San Miguel Panixtlahuaca, una adolescente de 14 a\u00f1os de edad fue v\u00edctima del delito de violaci\u00f3n equiparada.<\/p>\n\n\n\n<p>Tras presentar al imputado ante el Juez, se evaluaron las pruebas en contra de F. G. L., por lo que se dict\u00f3 el auto de vinculaci\u00f3n a proceso en su contra, adem\u00e1s que se impuso prisi\u00f3n preventiva y se otorgaron dos meses para el cierre de la investigaci\u00f3n.<\/p>\n\n\n\n<p>El segundo caso sucedi\u00f3 el 18 de marzo de 2023, en un domicilio particular de Santa Mar\u00eda Huatulco. De acuerdo con la denuncia penal, la v\u00edctima es un ni\u00f1o de 10 a\u00f1os de edad, quien sufri\u00f3 una agresi\u00f3n sexual.<\/p>\n\n\n\n<p>Derivado de las investigaciones de la Fiscal\u00eda en torno al caso, se logr\u00f3 aprehender y posteriormente presentar ante al Juez a la persona del sexo masculino identificada como&nbsp; F.R o F.R.S., quien qued\u00f3 vinculado a proceso y en prisi\u00f3n preventiva por el delito de Equiparado a la Violaci\u00f3n, adem\u00e1s que concedieron un mes para el cierre de la investigaci\u00f3n.<\/p>\n\n\n\n<p>Para la atenci\u00f3n de ambos casos, intervino un equipo especializado, encabezado por la Unidad Operativa de Investigaci\u00f3n de Delitos Cometidos Contra la Mujer Por Raz\u00f3n De G\u00e9nero, dependiente de la Vicefiscal\u00eda Regional&nbsp;de&nbsp;la&nbsp;Costa.<\/p>\n\n\n\n<p>FALLO CONDENATORIO<\/p>\n\n\n\n<p>Por otro lado, las investigaciones realizadas por la Fiscal\u00eda General dieron como resultado la obtenci\u00f3n de un fallo condenatorio en contra de una persona del sexo masculino identificada por las iniciales J. M. C. H., responsable del delito de Homicidio Simple, cometido en la regi\u00f3n de los Valles Centrales.<\/p>\n\n\n\n<p>Conforme a lo establecido en el expediente penal, los hechos ocurrieron el 20 de mayo de 2018, en calles del municipio de San Agust\u00edn Yatareni, donde J. M. C. H. agredi\u00f3 con una navaja a M. A. G. C., a quien infligi\u00f3 lesiones que le provocaron la muerte.<\/p>\n\n\n\n<p>La FGEO tom\u00f3 conocimiento del caso y lo atrajo a trav\u00e9s de la Fiscal\u00eda Especializada para la Atenci\u00f3n a Delitos de Alto Impacto que estableci\u00f3 las l\u00edneas de investigaci\u00f3n que permitieron la aprehensi\u00f3n del imputado.<\/p>\n\n\n\n<p>Luego de llevar ante el Juez de la causa a J. M. C. H., la FGEO present\u00f3 las pruebas en su contra que, tras ser evaluadas, se dict\u00f3 fallo condenatorio en contra del responsable y se estableci\u00f3 el 5 de mayo de 2023, como la fecha para que se lleve a cabo la individualizaci\u00f3n de la sentencia.<\/p>\n\n\n\n<p>Las investigaciones de la Fiscal\u00eda General del Estado de Oaxaca tienen como objetivo prioritario la procuraci\u00f3n de justicia a favor de las v\u00edctimas, para que las conductas criminales se castiguen conforme a lo establecido en la Ley.<\/p>\n","protected":false},"excerpt":{"rendered":"<p>Redacci\u00f3n\/Zona Roja. Oaxaca de Ju\u00e1rez, Oax., a 30 de abril de 2023.- La Fiscal\u00eda General&hellip;<\/p>\n","protected":false},"author":2,"featured_media":12570,"comment_status":"closed","ping_status":"open","sticky":false,"template":"","format":"standard","meta":{"_lmt_disableupdate":"","_lmt_disable":"","_jetpack_memberships_contains_paid_content":false,"footnotes":""},"categories":[109,46],"tags":[494],"class_list":["post-54754","post","type-post","status-publish","format-standard","has-post-thumbnail","hentry","category-minuto-a-minuto","category-zona-blanca","tag-fiscalia-general-del-estado-de-oaxaca"],"jetpack_featured_media_url":"https:\/\/zonaroja.com.mx\/wp-content\/uploads\/2020\/05\/Abuso-sexual-ni\u00f1as-2.jpeg","jetpack_sharing_enabled":true,"_links":{"self":[{"href":"https:\/\/zonaroja.com.mx\/index.php?rest_route=\/wp\/v2\/posts\/54754","targetHints":{"allow":["GET"]}}],"collection":[{"href":"https:\/\/zonaroja.com.mx\/index.php?rest_route=\/wp\/v2\/posts"}],"about":[{"href":"https:\/\/zonaroja.com.mx\/index.php?rest_route=\/wp\/v2\/types\/post"}],"author":[{"embeddable":true,"href":"https:\/\/zonaroja.com.mx\/index.php?rest_route=\/wp\/v2\/users\/2"}],"replies":[{"embeddable":true,"href":"https:\/\/zonaroja.com.mx\/index.php?rest_route=%2Fwp%2Fv2%2Fcomments&post=54754"}],"version-history":[{"count":1,"href":"https:\/\/zonaroja.com.mx\/index.php?rest_route=\/wp\/v2\/posts\/54754\/revisions"}],"predecessor-version":[{"id":54755,"href":"https:\/\/zonaroja.com.mx\/index.php?rest_route=\/wp\/v2\/posts\/54754\/revisions\/54755"}],"wp:featuredmedia":[{"embeddable":true,"href":"https:\/\/zonaroja.com.mx\/index.php?rest_route=\/wp\/v2\/media\/12570"}],"wp:attachment":[{"href":"https:\/\/zonaroja.com.mx\/index.php?rest_route=%2Fwp%2Fv2%2Fmedia&parent=54754"}],"wp:term":[{"taxonomy":"category","embeddable":true,"href":"https:\/\/zonaroja.com.mx\/index.php?rest_route=%2Fwp%2Fv2%2Fcategories&post=54754"},{"taxonomy":"post_tag","embeddable":true,"href":"https:\/\/zonaroja.com.mx\/index.php?rest_route=%2Fwp%2Fv2%2Ftags&post=54754"}],"curies":[{"name":"wp","href":"https:\/\/api.w.org\/{rel}","templated":true}]}}