{"id":54772,"date":"2023-04-30T18:21:55","date_gmt":"2023-04-30T23:21:55","guid":{"rendered":"http:\/\/www.zonaroja.com.mx\/?p=54772"},"modified":"2023-04-30T19:50:35","modified_gmt":"2023-05-01T00:50:35","slug":"mazaltepec-y-su-tragedia-oraciones-protesta-en-la-cdmx-deseperacion-por-escaso-apoyo","status":"publish","type":"post","link":"https:\/\/zonaroja.com.mx\/?p=54772","title":{"rendered":"Mazaltepec y su tragedia: oraciones, protesta en la Cdmx, deseperaci\u00f3n, por escaso apoyo"},"content":{"rendered":"\n<p>Ismael Garc\u00eda M.\/Zona Roja.<\/p>\n\n\n\n<p>Oaxaca de Ju\u00e1rez, Oax., a 30 de abril de 2023.- La desesperaci\u00f3n cunde en la poblaci\u00f3n de Santo Tom\u00e1s Mazaltepec, ante el escaso gubernamental para combatir intensos incendios forestales, que hoy cumplen cuatro d\u00edas.<\/p>\n\n\n\n<p>Este domingo, una comisi\u00f3n de pobladores y radicados, realiza una protesta en el z\u00f3calo de la Ciudad de M\u00e9xico, para exigir al Presidente Andr\u00e9s Manuel L\u00f3pez Obrador un mayor apoyo por parte del Ej\u00e9rcito Mexicano y dem\u00e1s instancias federales.<\/p>\n\n\n\n<p>Adem\u00e1s para denunciar el escaso apoyo del gobierno que encabeza Salom\u00f3n Jara Cruz, que, a trav\u00e9s de la Comisi\u00f3n Estatal Forestal, se ha limitado a enviar una brigada de combatientes a la zona.<\/p>\n\n\n\n<p>En la zona del siniestro, pobladores de Mazaltepec realizaron este mediod\u00eda un ritual a la Madre Tierra y oraciones a Dios para que cesen los incendios forestales, que de manera preliminar han consumido m\u00e1s de cuatro mil hect\u00e1reas.<\/p>\n\n\n\n<p>\u201cYa lo hab\u00edamos controlado anteayer, pero las r\u00e1fagas de viento volvieron a reactivar y ya rebasaron los l\u00edmites de Mazaltepec, hasta San Felipe Tejal\u00e1pam, donde ya se control\u00f3, y en Santa Mar\u00eda Apoyo; tenemos apoyo pero seguimos luchando\u201d, dijo el presidente municipal de Santo Tom\u00e1s Mazaltepec, Jaime Cruz Velasco, quien reiter\u00f3 que el fuego sigue sin control, a pesar del esfuerzo de cientos de campesinos, j\u00f3venes y adultos mayores, as\u00ed como mujeres.<\/p>\n\n\n\n<figure class=\"wp-block-embed is-type-rich is-provider-twitter wp-block-embed-twitter\"><div class=\"wp-block-embed__wrapper\">\n<div class=\"twitter-tweet\"><blockquote class=\"twitter-tweet\" data-lang=\"es\"><p lang=\"es\" dir=\"ltr\"><a href=\"https:\/\/twitter.com\/hashtag\/%C3%9AltimoMinuto?src=hash&amp;ref_src=twsrc%5Etfw\">#\u00daltimoMinuto<\/a> <br>Desesperados por la escasa atenci\u00f3n gubernamental al incendio forestal en cerros de Santo Tom\u00e1s <a href=\"https:\/\/twitter.com\/hashtag\/Mazaltepec?src=hash&amp;ref_src=twsrc%5Etfw\">#Mazaltepec<\/a>, <a href=\"https:\/\/twitter.com\/hashtag\/Oaxaca?src=hash&amp;ref_src=twsrc%5Etfw\">#Oaxaca<\/a>, un grupo de pobladores protesta en el z\u00f3calo de la Ciudad de M\u00e9xico para visibilizar la grave problem\u00e1tica y para pedir apoyo al Presidente\u2026 <a href=\"https:\/\/t.co\/rAO19JMRFo\">pic.twitter.com\/rAO19JMRFo<\/a><\/p>&mdash; Zona Roja Oaxaca (@ZonaRoja_Oaxaca) <a href=\"https:\/\/twitter.com\/ZonaRoja_Oaxaca\/status\/1652805815294623747?ref_src=twsrc%5Etfw\">30 de abril de 2023<\/a><\/blockquote><\/div>\n<\/div><\/figure>\n\n\n\n<p>Reconoci\u00f3 que hay brigadas de la Coesfo as\u00ed como de la Comisi\u00f3n Nacional Forestal (Conafor), adem\u00e1s de vecinos como de San Andr\u00e9s Zautla, Pe\u00f1oles, San Pablo Huitzo, pero a\u00fan es insuficiente.<\/p>\n\n\n\n<p>Tambi\u00e9n dijo que han llegado v\u00edveres pero no son suficientes, por lo cual requiri\u00f3 el apoyo de la sociedad con una mayor ayuda.<\/p>\n\n\n\n<p>\u201cAhora hay peligro de que el incendio de que llegue a rancher\u00edas donde hay vecinos, es por eso la urgencia que el gobierno estatal y el federal nos mande m\u00e1s apoyo con brigadas; se requiere un helic\u00f3ptero, m\u00e1s agua\u201d, expuso en entrevista con la periodista Sayra Cruz.<\/p>\n\n\n\n<p>Expuso que las partes cr\u00edticas est\u00e1n en los parajes \u201cBoca de Cort\u00e9s\u201d, \u201cCa\u00f1ada de Grillo\u201d, \u201cCa\u00f1ada de Leche\u201d, zonas a las que se llega despu\u00e9s de dos o tres horas de caminata, lo que dificulta el combate.<\/p>\n\n\n\n<p>Por la ma\u00f1ana, en un escueto comunicado, el Gobierno del Estado de Oaxaca inform\u00f3 que brigadas de la Comisi\u00f3n Estatal Forestal trabajaron durante la noche de ayer y la madrugada de hoy en cinco frentes, coordinados con los comuneros, para atender la contingencia.<\/p>\n\n\n\n<p>\u00abLas acciones de combate del siniestro ser\u00e1n informadas a la poblaci\u00f3n de manera oportuna\u00bb, detall\u00f3, aunque hasta esta tarde no hay m\u00e1s informaci\u00f3n al respecto.<\/p>\n\n\n\n<figure class=\"wp-block-embed is-type-rich is-provider-twitter wp-block-embed-twitter\"><div class=\"wp-block-embed__wrapper\">\n<div class=\"twitter-tweet\"><blockquote class=\"twitter-tweet\" data-lang=\"es\"><p lang=\"es\" dir=\"ltr\">V\u00edveres, agua, es lo que m\u00e1s necesita la comunidad de Santo Tom\u00e1s Mazaltepec, para los combatientes que llevan varios d\u00edas luchando contra el incendio forestal. <br>El <a href=\"https:\/\/twitter.com\/GobOax?ref_src=twsrc%5Etfw\">@goboax<\/a> informa que, a trav\u00e9s de la <a href=\"https:\/\/twitter.com\/COESFO_GobOax?ref_src=twsrc%5Etfw\">@COESFO_GobOax<\/a>, ha asignado brigadas para apoyar a sofocar el siniestro. <a href=\"https:\/\/t.co\/CmiTzMaqVD\">pic.twitter.com\/CmiTzMaqVD<\/a><\/p>&mdash; Zona Roja Oaxaca (@ZonaRoja_Oaxaca) <a href=\"https:\/\/twitter.com\/ZonaRoja_Oaxaca\/status\/1652715722555154432?ref_src=twsrc%5Etfw\">30 de abril de 2023<\/a><\/blockquote><\/div>\n<\/div><\/figure>\n","protected":false},"excerpt":{"rendered":"<p>Ismael Garc\u00eda M.\/Zona Roja. Oaxaca de Ju\u00e1rez, Oax., a 30 de abril de 2023.- La&hellip;<\/p>\n","protected":false},"author":2,"featured_media":54768,"comment_status":"closed","ping_status":"open","sticky":false,"template":"","format":"standard","meta":{"_lmt_disableupdate":"","_lmt_disable":"","_jetpack_memberships_contains_paid_content":false,"footnotes":""},"categories":[109,47],"tags":[1641],"class_list":["post-54772","post","type-post","status-publish","format-standard","has-post-thumbnail","hentry","category-minuto-a-minuto","category-zona-gris","tag-santo-tomas-mazaltepec"],"jetpack_featured_media_url":"https:\/\/zonaroja.com.mx\/wp-content\/uploads\/2023\/04\/Incendio-Santo-Tonas-Mazaltepec.jpg","jetpack_sharing_enabled":true,"_links":{"self":[{"href":"https:\/\/zonaroja.com.mx\/index.php?rest_route=\/wp\/v2\/posts\/54772","targetHints":{"allow":["GET"]}}],"collection":[{"href":"https:\/\/zonaroja.com.mx\/index.php?rest_route=\/wp\/v2\/posts"}],"about":[{"href":"https:\/\/zonaroja.com.mx\/index.php?rest_route=\/wp\/v2\/types\/post"}],"author":[{"embeddable":true,"href":"https:\/\/zonaroja.com.mx\/index.php?rest_route=\/wp\/v2\/users\/2"}],"replies":[{"embeddable":true,"href":"https:\/\/zonaroja.com.mx\/index.php?rest_route=%2Fwp%2Fv2%2Fcomments&post=54772"}],"version-history":[{"count":2,"href":"https:\/\/zonaroja.com.mx\/index.php?rest_route=\/wp\/v2\/posts\/54772\/revisions"}],"predecessor-version":[{"id":54776,"href":"https:\/\/zonaroja.com.mx\/index.php?rest_route=\/wp\/v2\/posts\/54772\/revisions\/54776"}],"wp:featuredmedia":[{"embeddable":true,"href":"https:\/\/zonaroja.com.mx\/index.php?rest_route=\/wp\/v2\/media\/54768"}],"wp:attachment":[{"href":"https:\/\/zonaroja.com.mx\/index.php?rest_route=%2Fwp%2Fv2%2Fmedia&parent=54772"}],"wp:term":[{"taxonomy":"category","embeddable":true,"href":"https:\/\/zonaroja.com.mx\/index.php?rest_route=%2Fwp%2Fv2%2Fcategories&post=54772"},{"taxonomy":"post_tag","embeddable":true,"href":"https:\/\/zonaroja.com.mx\/index.php?rest_route=%2Fwp%2Fv2%2Ftags&post=54772"}],"curies":[{"name":"wp","href":"https:\/\/api.w.org\/{rel}","templated":true}]}}