{"id":54774,"date":"2023-04-30T20:23:00","date_gmt":"2023-05-01T01:23:00","guid":{"rendered":"http:\/\/www.zonaroja.com.mx\/?p=54774"},"modified":"2023-04-30T18:24:02","modified_gmt":"2023-04-30T23:24:02","slug":"festeja-la-fiscalia-a-hijas-e-hijos-de-trabajadores-de-la-aei","status":"publish","type":"post","link":"https:\/\/zonaroja.com.mx\/?p=54774","title":{"rendered":"Festeja la Fiscal\u00eda a hijas e hijos de trabajadores de la AEI"},"content":{"rendered":"\n<p>Redacci\u00f3n\/Zona Roja.<\/p>\n\n\n\n<p>Oaxaca de Ju\u00e1rez, Oax., a 30 de abril de 2023.- &nbsp;La Agencia Estatal de Investigaciones (AEI) de la Fiscal\u00eda General del Estado de Oaxaca (FGEO) llev\u00f3 a cabo una celebraci\u00f3n para las hijas e hijos de los elementos de la corporaci\u00f3n, en el marco del D\u00eda de la Ni\u00f1a y el Ni\u00f1o.&nbsp;<\/p>\n\n\n\n<p>Con una carrera atl\u00e9tica, as\u00ed como actividades l\u00fadicas y art\u00edsticas, que contaron con la participaci\u00f3n de la Secretar\u00eda de Seguridad y Protecci\u00f3n Ciudadana, la Secretar\u00eda de Seguridad Ciudadana, Movilidad y Protecci\u00f3n Civil del municipio de Oaxaca de Ju\u00e1rez, as\u00ed como del Heroico Cuerpo de Bomberos, las ni\u00f1as y ni\u00f1os disfrutaron de una amena ma\u00f1ana.<\/p>\n\n\n\n<p>Por su parte, el fiscal General de Oaxaca, Bernardo Rodr\u00edguez Alamilla dio el banderazo de salida de las justas atl\u00e9ticas, adem\u00e1s de entregar premios a quienes obtuvieron los primeros lugares, as\u00ed como reconocimientos a todas y todos los participantes.&nbsp;<\/p>\n\n\n\n<p>Acompa\u00f1ado del coordinador de la AEI, Rogelio Humberto Garc\u00eda Hern\u00e1ndez, Rodr\u00edguez Alamilla afirm\u00f3 que, el deporte y la cultura son pilares fundamentales en la prevenci\u00f3n del delito, pues a trav\u00e9s de ellas se puede construir una sociedad sana colectivamente.<\/p>\n\n\n\n<p>De tal forma que celebr\u00f3 la realizaci\u00f3n de la Primera Carrera Atl\u00e9tica del D\u00eda de la Ni\u00f1a y el Ni\u00f1o convocada por la AEI, as\u00ed como la convivencia entre familias, compa\u00f1eras y compa\u00f1eros de la corporaci\u00f3n.<\/p>\n","protected":false},"excerpt":{"rendered":"<p>Redacci\u00f3n\/Zona Roja. Oaxaca de Ju\u00e1rez, Oax., a 30 de abril de 2023.- &nbsp;La Agencia Estatal&hellip;<\/p>\n","protected":false},"author":2,"featured_media":54767,"comment_status":"closed","ping_status":"open","sticky":false,"template":"","format":"standard","meta":{"_lmt_disableupdate":"","_lmt_disable":"","_jetpack_memberships_contains_paid_content":false,"footnotes":""},"categories":[109,46],"tags":[494],"class_list":["post-54774","post","type-post","status-publish","format-standard","has-post-thumbnail","hentry","category-minuto-a-minuto","category-zona-blanca","tag-fiscalia-general-del-estado-de-oaxaca"],"jetpack_featured_media_url":"https:\/\/zonaroja.com.mx\/wp-content\/uploads\/2023\/04\/30-abril-Celebra-AEI-a-hijas-e-hijos-de-elementos-de-la-corporacion-1.jpg","jetpack_sharing_enabled":true,"_links":{"self":[{"href":"https:\/\/zonaroja.com.mx\/index.php?rest_route=\/wp\/v2\/posts\/54774","targetHints":{"allow":["GET"]}}],"collection":[{"href":"https:\/\/zonaroja.com.mx\/index.php?rest_route=\/wp\/v2\/posts"}],"about":[{"href":"https:\/\/zonaroja.com.mx\/index.php?rest_route=\/wp\/v2\/types\/post"}],"author":[{"embeddable":true,"href":"https:\/\/zonaroja.com.mx\/index.php?rest_route=\/wp\/v2\/users\/2"}],"replies":[{"embeddable":true,"href":"https:\/\/zonaroja.com.mx\/index.php?rest_route=%2Fwp%2Fv2%2Fcomments&post=54774"}],"version-history":[{"count":1,"href":"https:\/\/zonaroja.com.mx\/index.php?rest_route=\/wp\/v2\/posts\/54774\/revisions"}],"predecessor-version":[{"id":54775,"href":"https:\/\/zonaroja.com.mx\/index.php?rest_route=\/wp\/v2\/posts\/54774\/revisions\/54775"}],"wp:featuredmedia":[{"embeddable":true,"href":"https:\/\/zonaroja.com.mx\/index.php?rest_route=\/wp\/v2\/media\/54767"}],"wp:attachment":[{"href":"https:\/\/zonaroja.com.mx\/index.php?rest_route=%2Fwp%2Fv2%2Fmedia&parent=54774"}],"wp:term":[{"taxonomy":"category","embeddable":true,"href":"https:\/\/zonaroja.com.mx\/index.php?rest_route=%2Fwp%2Fv2%2Fcategories&post=54774"},{"taxonomy":"post_tag","embeddable":true,"href":"https:\/\/zonaroja.com.mx\/index.php?rest_route=%2Fwp%2Fv2%2Ftags&post=54774"}],"curies":[{"name":"wp","href":"https:\/\/api.w.org\/{rel}","templated":true}]}}