{"id":54777,"date":"2023-05-01T12:19:00","date_gmt":"2023-05-01T17:19:00","guid":{"rendered":"http:\/\/www.zonaroja.com.mx\/?p=54777"},"modified":"2023-04-30T20:30:39","modified_gmt":"2023-05-01T01:30:39","slug":"publican-fotografias-ineditas-de-obama-en-la-operacion-vs-bin-laden","status":"publish","type":"post","link":"https:\/\/zonaroja.com.mx\/?p=54777","title":{"rendered":"Publican fotograf\u00edas in\u00e9ditas de Obama en la operaci\u00f3n vs. Bin Laden"},"content":{"rendered":"\n<p>Redacci\u00f3n\/Zona Roja Cdmx.<\/p>\n\n\n\n<p>Ciudad de M\u00e9xico, a 1 de mayo de 2023.- Fotos in\u00e9ditas y obtenidas por el diario \u201cThe Washington Post\u201d, muestran al entonces presidente de Estados Unidos, Barack Obama, y otros aspectos de La Casa Blanca durante la redada contra Osama Bin Laden en Pakist\u00e1n hace casi 12 a\u00f1os, inform\u00f3 ayer el diario \u201cThe Guardian\u201d.<\/p>\n\n\n\n<p>Bin Laden fund\u00f3 Al Qaeda, el grupo yihadista que atac\u00f3 Nueva York y Washington el 11 de septiembre de 2001, lo que dej\u00f3 m\u00e1s de tres mil muertos. Tras lo cual Estados Unidos invadi\u00f3 Afganist\u00e1n en busca de Bin Laden, pero no pudo capturarlo durante casi 10 a\u00f1os, hasta que finalmente lo rastrearon hasta un complejo en Abbottabad, Pakist\u00e1n.<\/p>\n\n\n\n<p>Obama orden\u00f3 que un equipo de marines volar\u00e1 de Afganist\u00e1n a Pakist\u00e1n, donde mataron a tiros a Bin Laden.<\/p>\n\n\n\n<p>Las im\u00e1genes muestran a Obama, a su vicepresidente, Joe Biden; la secretaria de Estado, Hillary Clinton, y asesores militares y civiles clave reunidos en la Sala de Situaci\u00f3n la noche del 1 de mayo de 2011, para observar c\u00f3mo se desarrollaba la redada mediante una transmisi\u00f3n en vivo.<\/p>\n\n\n\n<p>Otras fotos muestran discusiones entre Obama y asesores que inclu\u00edan a Leon Panetta, entonces director de la Agencia Central de Inteligencia (CIA, por sus siglas en ingl\u00e9s); James Clapper, director de inteligencia nacional; Tom Donilon, asesor de seguridad nacional, y Bill Daley, jefe de gabinete de la Casa Blanca.<\/p>\n\n\n\n<p>En 2020, Obama describi\u00f3 las deliberaciones sobre la redada en sus memorias, \u201cA Promised Land\u201d (\u201cUna tierra prometida\u201d). \u201cJoe se opuso a la redada\u201d, escribi\u00f3 Obama sobre Biden, en un libro publicado poco despu\u00e9s de que el ex vicepresidente venciera a Trump por la Casa Blanca.<\/p>\n\n\n\n<p>El diario tambi\u00e9n public\u00f3 una cronolog\u00eda de dicha misi\u00f3n, desde la aprobaci\u00f3n el 29 de abril de 2011 hasta su finalizaci\u00f3n y el discurso de Obama a la naci\u00f3n poco antes de la medianoche del 1 de mayo.<\/p>\n\n\n\n<p>Mediante una respuesta a una solicitud de la Ley de Libertad de Informaci\u00f3n a la Biblioteca Presidencial de Obama, \u201cThe Post obtuvo\u201d m\u00e1s de 900 impresiones tomadas por el fot\u00f3grafo oficial de la Casa Blanca de Obama, Pete Souza.<\/p>\n","protected":false},"excerpt":{"rendered":"<p>Redacci\u00f3n\/Zona Roja Cdmx. Ciudad de M\u00e9xico, a 1 de mayo de 2023.- Fotos in\u00e9ditas y&hellip;<\/p>\n","protected":false},"author":2,"featured_media":54778,"comment_status":"closed","ping_status":"open","sticky":false,"template":"","format":"standard","meta":{"_lmt_disableupdate":"","_lmt_disable":"","_jetpack_memberships_contains_paid_content":false,"footnotes":""},"categories":[109,47],"tags":[],"class_list":["post-54777","post","type-post","status-publish","format-standard","has-post-thumbnail","hentry","category-minuto-a-minuto","category-zona-gris"],"jetpack_featured_media_url":"https:\/\/zonaroja.com.mx\/wp-content\/uploads\/2023\/04\/obama-y-Bin-Laden.jpeg","jetpack_sharing_enabled":true,"_links":{"self":[{"href":"https:\/\/zonaroja.com.mx\/index.php?rest_route=\/wp\/v2\/posts\/54777","targetHints":{"allow":["GET"]}}],"collection":[{"href":"https:\/\/zonaroja.com.mx\/index.php?rest_route=\/wp\/v2\/posts"}],"about":[{"href":"https:\/\/zonaroja.com.mx\/index.php?rest_route=\/wp\/v2\/types\/post"}],"author":[{"embeddable":true,"href":"https:\/\/zonaroja.com.mx\/index.php?rest_route=\/wp\/v2\/users\/2"}],"replies":[{"embeddable":true,"href":"https:\/\/zonaroja.com.mx\/index.php?rest_route=%2Fwp%2Fv2%2Fcomments&post=54777"}],"version-history":[{"count":1,"href":"https:\/\/zonaroja.com.mx\/index.php?rest_route=\/wp\/v2\/posts\/54777\/revisions"}],"predecessor-version":[{"id":54779,"href":"https:\/\/zonaroja.com.mx\/index.php?rest_route=\/wp\/v2\/posts\/54777\/revisions\/54779"}],"wp:featuredmedia":[{"embeddable":true,"href":"https:\/\/zonaroja.com.mx\/index.php?rest_route=\/wp\/v2\/media\/54778"}],"wp:attachment":[{"href":"https:\/\/zonaroja.com.mx\/index.php?rest_route=%2Fwp%2Fv2%2Fmedia&parent=54777"}],"wp:term":[{"taxonomy":"category","embeddable":true,"href":"https:\/\/zonaroja.com.mx\/index.php?rest_route=%2Fwp%2Fv2%2Fcategories&post=54777"},{"taxonomy":"post_tag","embeddable":true,"href":"https:\/\/zonaroja.com.mx\/index.php?rest_route=%2Fwp%2Fv2%2Ftags&post=54777"}],"curies":[{"name":"wp","href":"https:\/\/api.w.org\/{rel}","templated":true}]}}