{"id":54780,"date":"2023-04-30T21:24:41","date_gmt":"2023-05-01T02:24:41","guid":{"rendered":"http:\/\/www.zonaroja.com.mx\/?p=54780"},"modified":"2023-04-30T21:24:44","modified_gmt":"2023-05-01T02:24:44","slug":"opinion-y-sin-embargo-el-sur-resiste","status":"publish","type":"post","link":"https:\/\/zonaroja.com.mx\/?p=54780","title":{"rendered":"Opini\u00f3n.\u00a0Y sin embargo, el sur resiste"},"content":{"rendered":"\n<p>Diego Enrique Osorno*<\/p>\n\n\n\n<p>A no muchos kil\u00f3metros del mar, en el ejido La Gloria de la costa de Chiapas que bordea el oc\u00e9ano Pac\u00edfico, arranc\u00f3 el martes 25 de abril la caravana El Sur Resiste que busca seguir impulsando la organizaci\u00f3n de comunidades y pueblos de la regi\u00f3n afectados por la implementaci\u00f3n en sus territorios de los planes m\u00e1s ambiciosos del actual gobierno del presidente Andr\u00e9s Manuel L\u00f3pez Obrador: el Tren Maya y el Corredor Interoce\u00e1nico.<\/p>\n\n\n\n<p>Marchas, mitines y foros han sido llevados a cabo durante el recorrido convocado por diversas organizaciones y colectivos originarios, nacionales e internacionales, entre los que se encuentra el Congreso Nacional Ind\u00edgena (CNI).<\/p>\n\n\n\n<p>La caravana va registrando y aglutinando el creciente malestar social a lo largo de la zona, quiz\u00e1 por ello es que, ayer (viernes) en la ma\u00f1ana, elementos de la Secretar\u00eda de Marina, la Guardia Nacional y la polic\u00eda estatal de Oaxaca reprimieron el campamento Tierra y Libertad que ten\u00edan instalado alrededor de 32 comunidades ind\u00edgenas mixe sobre los rieles y durmientes del Tren Trans\u00edstmico en Mogo\u00f1e Viejo.<\/p>\n\n\n\n<p>La represi\u00f3n ocurri\u00f3 justo unas horas despu\u00e9s de que la caravana pasara por ah\u00ed y realizara una serie de protestas en apoyo al plant\u00f3n. Ayer por la tarde, las organizaciones locales reportaban la detenci\u00f3n de las mujeres ind\u00edgenas Mar\u00eda Magdalena, Esperanza y Elizabeth Mart\u00ednez Isabel, adem\u00e1s de Adela Severo Teodoro, Fernando Hern\u00e1ndez G\u00f3mez y Eliodoro Mart\u00ednez Isabel. La Uni\u00f3n de Comunidades de la Zona Norte del Istmo (Ucizoni) llevaba a cabo una asamblea para determinar las medidas que tomar\u00edan.<\/p>\n\n\n\n<p>En este espacio trataremos de acompa\u00f1ar la caravana a partir de los comunicados difundidos en el sitio www.elsurresiste.org.<\/p>\n\n\n\n<p>D\u00cdA UNO<\/p>\n\n\n\n<p>Desde su arranque, la caravana ha enfrentado al ambiente represivo que prevalece en la zona. En sus primeras horas de andanza, al ir de Tonal\u00e1, Chiapas a Puente Madera, Oaxaca, el grupo de activistas y colectivos atraves\u00f3 nueve retenes de elementos del Ej\u00e9rcito, la Guardia Nacional y el Instituto Nacional de Migraci\u00f3n; adem\u00e1s de que fueron detenidos de manera espec\u00edfica en siete ocasiones para fotografiar a los participantes y, de manera particular, en el ret\u00e9n divisorio entre Chiapas y Oaxaca, fueron fotografiados por personas vestidas de civil no identificadas, las cuales adem\u00e1s los siguieron una parte del trayecto en motocicletas.<\/p>\n\n\n\n<p>Antes de eso, de su punto de partida chiapaneco en La Gloria, los activistas enfilaron al ejido Progreso&nbsp;para luego llegar al centro de la ciudad de Tonal\u00e1, donde hubo un acto en el que los integrantes del Comit\u00e9 de Resistencia Civil de Frente C\u00edvico Tonalteco, plantearon la situaci\u00f3n a la que el sur de M\u00e9xico se enfrenta en estos momentos: un proyecto de exterminio.<\/p>\n\n\n\n<p>El Tren Maya y el Corredor Interoce\u00e1nico, explicaron, representan un plan de exterminio, ya que est\u00e1n dise\u00f1ados para beneficiar a la industria extranjera m\u00e1s que a las poblaciones locales, al ser la punta de lanza de una serie de proyectos tur\u00edsticos, inmobiliarios, energ\u00e9ticos, mineros, textiles, maquileros, agroindustriales, pisc\u00edcolas, entre otros.<\/p>\n\n\n\n<p>Uno en especial que se resalt\u00f3 en Tonal\u00e1, fue el de la macrored de gasoductos que pretende construir el gobierno federal para conectar a Guatemala con el Istmo y la costa chiapaneca. Empresas energ\u00e9ticas y petroleras han proyectado con autoridades federales y locales conectar al Tren Maya y Corredor Interoc\u00e9anico con gasoductos como el de Texas-Tuxpan,Veracruz-Dos Bocas, Tabasco, de una longitud de 700 kil\u00f3metros y una inversi\u00f3n de 5 mil millones de d\u00f3lares, y el Cactus, Oaxaca, Dos Bocas, Tabasco, de 60 kil\u00f3metros y mil millones de d\u00f3lares de inversi\u00f3n.<\/p>\n\n\n\n<p>La valoraci\u00f3n que hizo la caravana durante ese primer d\u00eda resalt\u00f3 tambi\u00e9n que, adem\u00e1s de la destrucci\u00f3n ambiental en marcha, hay una violaci\u00f3n sistem\u00e1tica a los derechos de los pueblos originarios, cuyos territorios y culturas se encuentran amenazados.<\/p>\n\n\n\n<p>\u201cLos impactos negativos en materia ambiental y social caminan lento, pero se vislumbra en el futuro cercano, las comunidades hacen un llamado a resistir estos megaproyectos y los diversos proyectos que arrastran consigo; de no resistirlos, la cat\u00e1strofe ambientalv y social se percibe m\u00e1s cercana que nunca\u201d, consigna la relator\u00eda del primer d\u00eda de la caravana.<\/p>\n\n\n\n<p>INVASI\u00d3N MILITAR<\/p>\n\n\n\n<p>M\u00e1s all\u00e1 de la represi\u00f3n puntual de ayer al campamento de Mogo\u00f1e Viejo, la regi\u00f3n ha registrado un desmesurado incremento de la presencia del Ej\u00e9rcito (a cargo de la construcci\u00f3n del Tren Maya), la Marina, la Guardia Nacional y polic\u00edas locales, pero tambi\u00e9n de grupos paramilitares y del narcotr\u00e1fico. Solo en Chiapas han ubicado 147 cuarteles militares, muchos de ellos erigidos en los alrededores de las comunidades base del Ej\u00e9rcito Zapatista de Liberaci\u00f3n Nacional (EZLN).<\/p>\n\n\n\n<p>\u201cUno de los objetivos del Tren Maya y del Corredor Trans\u00edstmico es crear mega zonas industriales en toda la regi\u00f3n del sureste, que adem\u00e1s de convertir a los pobladores originarios en mano barata para diversas industrias; sea una zona de contenci\u00f3n para migrantes de todo el mundo que comienzan su tr\u00e1nsito hacia los Estados Unidos a trav\u00e9s de Chiapas, Yucat\u00e1n y otras rutas\u201d, se relata.<\/p>\n\n\n\n<p>La caravana da cuenta tambi\u00e9n que durante su recorrido ha notado la presencia de m\u00faltiples grupos de personas migrantes caminando a la orilla de las carreteras y evadiendo la muralla de retenes, introduci\u00e9ndose a la maleza aleda\u00f1a al asfalto, exponi\u00e9ndose as\u00ed a los grupos criminales de explotaci\u00f3n y de \u201ctrata\u201d&nbsp;vinculados a diversos cuerpos oficiales de seguridad.<\/p>\n\n\n\n<p>\u201cEn la peque\u00f1a parte que pudimos visitar en el estado de Chiapas, los impactos de los megaproyectos Tren Maya y Corredor Trans\u00edstmico ya se viven en la pol\u00edtica de militarizaci\u00f3n y retenci\u00f3n\/persecuci\u00f3n de personas en tr\u00e1nsito hacia el norte\u201d.<\/p>\n\n\n\n<p>Finalmente, la noche del martes 25 de abril, la caravana arrib\u00f3 a Puente Madera, Oaxaca, donde los esperaban pobladores cargando antorchas y gritando en contra del Corredor Interoce\u00e1nico.&nbsp;<\/p>\n\n\n\n<p>Continuar\u00e1&#8230;<\/p>\n\n\n\n<p>*Escritor y periodista.<\/p>\n\n\n\n<p>@diegoeosorno<\/p>\n","protected":false},"excerpt":{"rendered":"<p>Diego Enrique Osorno* A no muchos kil\u00f3metros del mar, en el ejido La Gloria de&hellip;<\/p>\n","protected":false},"author":2,"featured_media":48560,"comment_status":"closed","ping_status":"open","sticky":false,"template":"","format":"standard","meta":{"_lmt_disableupdate":"","_lmt_disable":"","_jetpack_memberships_contains_paid_content":false,"footnotes":""},"categories":[456,109],"tags":[3020],"class_list":["post-54780","post","type-post","status-publish","format-standard","has-post-thumbnail","hentry","category-columna","category-minuto-a-minuto","tag-diego-enrique-osorno"],"jetpack_featured_media_url":"https:\/\/zonaroja.com.mx\/wp-content\/uploads\/2022\/11\/Diego-Enrique-Osorno.jpeg","jetpack_sharing_enabled":true,"_links":{"self":[{"href":"https:\/\/zonaroja.com.mx\/index.php?rest_route=\/wp\/v2\/posts\/54780","targetHints":{"allow":["GET"]}}],"collection":[{"href":"https:\/\/zonaroja.com.mx\/index.php?rest_route=\/wp\/v2\/posts"}],"about":[{"href":"https:\/\/zonaroja.com.mx\/index.php?rest_route=\/wp\/v2\/types\/post"}],"author":[{"embeddable":true,"href":"https:\/\/zonaroja.com.mx\/index.php?rest_route=\/wp\/v2\/users\/2"}],"replies":[{"embeddable":true,"href":"https:\/\/zonaroja.com.mx\/index.php?rest_route=%2Fwp%2Fv2%2Fcomments&post=54780"}],"version-history":[{"count":1,"href":"https:\/\/zonaroja.com.mx\/index.php?rest_route=\/wp\/v2\/posts\/54780\/revisions"}],"predecessor-version":[{"id":54781,"href":"https:\/\/zonaroja.com.mx\/index.php?rest_route=\/wp\/v2\/posts\/54780\/revisions\/54781"}],"wp:featuredmedia":[{"embeddable":true,"href":"https:\/\/zonaroja.com.mx\/index.php?rest_route=\/wp\/v2\/media\/48560"}],"wp:attachment":[{"href":"https:\/\/zonaroja.com.mx\/index.php?rest_route=%2Fwp%2Fv2%2Fmedia&parent=54780"}],"wp:term":[{"taxonomy":"category","embeddable":true,"href":"https:\/\/zonaroja.com.mx\/index.php?rest_route=%2Fwp%2Fv2%2Fcategories&post=54780"},{"taxonomy":"post_tag","embeddable":true,"href":"https:\/\/zonaroja.com.mx\/index.php?rest_route=%2Fwp%2Fv2%2Ftags&post=54780"}],"curies":[{"name":"wp","href":"https:\/\/api.w.org\/{rel}","templated":true}]}}