{"id":54782,"date":"2023-04-30T23:04:23","date_gmt":"2023-05-01T04:04:23","guid":{"rendered":"http:\/\/www.zonaroja.com.mx\/?p=54782"},"modified":"2023-04-30T23:04:25","modified_gmt":"2023-05-01T04:04:25","slug":"tercer-ejecutado-en-domingo-un-militar-en-comitancillo","status":"publish","type":"post","link":"https:\/\/zonaroja.com.mx\/?p=54782","title":{"rendered":"Tercer ejecutado en domingo: un militar en Comitancillo"},"content":{"rendered":"\n<p>Redacci\u00f3n\/Zona Roja.<\/p>\n\n\n\n<p>Oaxaca de Ju\u00e1rez, Oax., a 30 de abril de 2023.- Una tercera persona fue asesinada a balazos este domingo en Oaxaca.<\/p>\n\n\n\n<p>Ahora se trata de un militar en activo, que fue ultimado en el patio de su domicilio, ubicado en el municipio De San Pedro Comitancillo, en la regi\u00f3n del Istmo de Tehuantepec.<\/p>\n\n\n\n<p>El individuo, identificado como Cristian R. T. M., de aproximadamente 25 a\u00f1os de edad, acudi\u00f3 a visitar a sus familiares, en el marco de sus vacaciones; sin embargo, fue ultimado a balazos por personas desconocidas.<\/p>\n\n\n\n<p>Fue trasladado de inmediato a un hospital, donde perdi\u00f3 la vida; hasta el momento se desconoce qui\u00e9n o qui\u00e9nes le dispararon.<\/p>\n\n\n\n<p>Era integrante de las Fuerzas Armadas Mexicanas y estaba asignado al XXI Regimiento de Caballer\u00eda, con sede en Baja California Sur.<\/p>\n\n\n\n<p>La Vicefiscal\u00eda Regional del Istmo inici\u00f3 las indagatorias correspondientes y abri\u00f3 la Carpeta de Investigaci\u00f3n del caso.<\/p>\n","protected":false},"excerpt":{"rendered":"<p>Redacci\u00f3n\/Zona Roja. Oaxaca de Ju\u00e1rez, Oax., a 30 de abril de 2023.- Una tercera persona&hellip;<\/p>\n","protected":false},"author":2,"featured_media":50335,"comment_status":"closed","ping_status":"open","sticky":false,"template":"","format":"standard","meta":{"_lmt_disableupdate":"","_lmt_disable":"","_jetpack_memberships_contains_paid_content":false,"footnotes":""},"categories":[109,51],"tags":[1114],"class_list":["post-54782","post","type-post","status-publish","format-standard","has-post-thumbnail","hentry","category-minuto-a-minuto","category-zona-roja","tag-san-pedro-comitancillo"],"jetpack_featured_media_url":"https:\/\/zonaroja.com.mx\/wp-content\/uploads\/2023\/01\/Balazos-violencia-casquillos-escena.jpeg","jetpack_sharing_enabled":true,"_links":{"self":[{"href":"https:\/\/zonaroja.com.mx\/index.php?rest_route=\/wp\/v2\/posts\/54782","targetHints":{"allow":["GET"]}}],"collection":[{"href":"https:\/\/zonaroja.com.mx\/index.php?rest_route=\/wp\/v2\/posts"}],"about":[{"href":"https:\/\/zonaroja.com.mx\/index.php?rest_route=\/wp\/v2\/types\/post"}],"author":[{"embeddable":true,"href":"https:\/\/zonaroja.com.mx\/index.php?rest_route=\/wp\/v2\/users\/2"}],"replies":[{"embeddable":true,"href":"https:\/\/zonaroja.com.mx\/index.php?rest_route=%2Fwp%2Fv2%2Fcomments&post=54782"}],"version-history":[{"count":1,"href":"https:\/\/zonaroja.com.mx\/index.php?rest_route=\/wp\/v2\/posts\/54782\/revisions"}],"predecessor-version":[{"id":54783,"href":"https:\/\/zonaroja.com.mx\/index.php?rest_route=\/wp\/v2\/posts\/54782\/revisions\/54783"}],"wp:featuredmedia":[{"embeddable":true,"href":"https:\/\/zonaroja.com.mx\/index.php?rest_route=\/wp\/v2\/media\/50335"}],"wp:attachment":[{"href":"https:\/\/zonaroja.com.mx\/index.php?rest_route=%2Fwp%2Fv2%2Fmedia&parent=54782"}],"wp:term":[{"taxonomy":"category","embeddable":true,"href":"https:\/\/zonaroja.com.mx\/index.php?rest_route=%2Fwp%2Fv2%2Fcategories&post=54782"},{"taxonomy":"post_tag","embeddable":true,"href":"https:\/\/zonaroja.com.mx\/index.php?rest_route=%2Fwp%2Fv2%2Ftags&post=54782"}],"curies":[{"name":"wp","href":"https:\/\/api.w.org\/{rel}","templated":true}]}}