{"id":54786,"date":"2023-05-01T08:25:00","date_gmt":"2023-05-01T13:25:00","guid":{"rendered":"http:\/\/www.zonaroja.com.mx\/?p=54786"},"modified":"2023-05-01T08:11:01","modified_gmt":"2023-05-01T13:11:01","slug":"usted-perdone-liberan-a-seis-detenidos-tras-desalojo-en-mogone-guichicovi","status":"publish","type":"post","link":"https:\/\/zonaroja.com.mx\/?p=54786","title":{"rendered":"\u00bfUsted perdone? Liberan a seis detenidos tras desalojo en Mogo\u00f1\u00e9, Guichicovi"},"content":{"rendered":"\n<p>Ismael Garc\u00eda M.\/Zona Roja.<\/p>\n\n\n\n<p>Oaxaca de Ju\u00e1rez, Oax., a 1 de mayo de 2023.- Tras 48 horas, fueron puestas en libertad las seis personas, entre ellas cuatro mujeres, que fueron detenidas de manera violenta el pasado viernes, tras el desalojo violento de ejidatarios de Mogo\u00f1\u00e9, San Juan Guichicovi.<\/p>\n\n\n\n<p>Lo anterior, luego de presiones de decenas de organismos de la sociedad civil, que iniciaron una movilizaci\u00f3n pac\u00edfica para denunciar la represi\u00f3n de los pobladores y el en\u00e9simo uso de la fuerza p\u00fablica, policiaca y militar, en contra de manifestantes.<\/p>\n\n\n\n<p>Ayer por la tarde, la Fiscal\u00eda General de la Rep\u00fablica de Oaxaca, con sede en San Bartolo Coyotepec, salieron libres las seis personas, entre ellas las mujeres Mar\u00eda Magdalena Mart\u00ednez Isabel, Elizabeth Mart\u00ednez Isabel, Esperanza Mart\u00ednez Isabel y Adela Severo Teodora.<\/p>\n\n\n\n<p>Sin embargo, hasta el momento se desconoce el acuerdo por el cual el Ministerio P\u00fablico de la Federaci\u00f3n determin\u00f3 no poner a disposici\u00f3n de un juez a los detenidos, como tampoco los cargos por los cuales hab\u00edan sido privados de su libertad de manera violenta.<\/p>\n\n\n\n<p>La Uni\u00f3n de Comunidades Ind\u00edgenas de la Zona Norte del Istmo (Ucizoni) inform\u00f3 que fue a las 17:55 horas en que las seis personas del Mogo\u00f1\u00e9 Viejo salieron de las instalaciones de la FGR.<\/p>\n\n\n\n<p>\u201cEs importante se\u00f1alar que varias de las compa\u00f1eras detenidas muestran lesiones menores\u201d, expuso en un breve comunicado, al agradecer la colaboraci\u00f3n de organismos civiles como C\u00f3digo DH, Centro \u201cJos\u00e9 Juli\u00e1n Candelaria Castellanos\u201d, y de los abogados David Pe\u00f1a, Carlos Leonardo, Aquiles Felipe Carrasco y Mois\u00e9s Sime\u00f3n V\u00e1squez.<\/p>\n\n\n\n<p>Adem\u00e1s, reconoci\u00f3 la solidaridad de varios organismos de la sociedad civil nacional y estatal que demandaron la liberaci\u00f3n de los detenidos. No obstante, la Ucizoni no ha dado a conocer si continuar\u00e1 la lucha de los ejidatarios por una indemnizaci\u00f3n justa de sus tierras, por el paso del tren que forma parte del Corredor Interoce\u00e1nico del Istmo de Tehuantepec.<\/p>\n","protected":false},"excerpt":{"rendered":"<p>Ismael Garc\u00eda M.\/Zona Roja. Oaxaca de Ju\u00e1rez, Oax., a 1 de mayo de 2023.- Tras&hellip;<\/p>\n","protected":false},"author":2,"featured_media":54787,"comment_status":"closed","ping_status":"open","sticky":false,"template":"","format":"standard","meta":{"_lmt_disableupdate":"","_lmt_disable":"","_jetpack_memberships_contains_paid_content":false,"footnotes":""},"categories":[109,47],"tags":[2765],"class_list":["post-54786","post","type-post","status-publish","format-standard","has-post-thumbnail","hentry","category-minuto-a-minuto","category-zona-gris","tag-mogone-san-juan-guichicovi"],"jetpack_featured_media_url":"https:\/\/zonaroja.com.mx\/wp-content\/uploads\/2023\/05\/Liberados-Estacion-Mogone-Guichicovi.jpeg","jetpack_sharing_enabled":true,"_links":{"self":[{"href":"https:\/\/zonaroja.com.mx\/index.php?rest_route=\/wp\/v2\/posts\/54786","targetHints":{"allow":["GET"]}}],"collection":[{"href":"https:\/\/zonaroja.com.mx\/index.php?rest_route=\/wp\/v2\/posts"}],"about":[{"href":"https:\/\/zonaroja.com.mx\/index.php?rest_route=\/wp\/v2\/types\/post"}],"author":[{"embeddable":true,"href":"https:\/\/zonaroja.com.mx\/index.php?rest_route=\/wp\/v2\/users\/2"}],"replies":[{"embeddable":true,"href":"https:\/\/zonaroja.com.mx\/index.php?rest_route=%2Fwp%2Fv2%2Fcomments&post=54786"}],"version-history":[{"count":1,"href":"https:\/\/zonaroja.com.mx\/index.php?rest_route=\/wp\/v2\/posts\/54786\/revisions"}],"predecessor-version":[{"id":54788,"href":"https:\/\/zonaroja.com.mx\/index.php?rest_route=\/wp\/v2\/posts\/54786\/revisions\/54788"}],"wp:featuredmedia":[{"embeddable":true,"href":"https:\/\/zonaroja.com.mx\/index.php?rest_route=\/wp\/v2\/media\/54787"}],"wp:attachment":[{"href":"https:\/\/zonaroja.com.mx\/index.php?rest_route=%2Fwp%2Fv2%2Fmedia&parent=54786"}],"wp:term":[{"taxonomy":"category","embeddable":true,"href":"https:\/\/zonaroja.com.mx\/index.php?rest_route=%2Fwp%2Fv2%2Fcategories&post=54786"},{"taxonomy":"post_tag","embeddable":true,"href":"https:\/\/zonaroja.com.mx\/index.php?rest_route=%2Fwp%2Fv2%2Ftags&post=54786"}],"curies":[{"name":"wp","href":"https:\/\/api.w.org\/{rel}","templated":true}]}}