{"id":5479,"date":"2019-11-06T10:09:40","date_gmt":"2019-11-06T16:09:40","guid":{"rendered":"http:\/\/www.zonaroja.com.mx\/?p=5479"},"modified":"2019-11-06T10:09:43","modified_gmt":"2019-11-06T16:09:43","slug":"solo-asi-pudieron-bajarte-comandante-mauricio-pastelin","status":"publish","type":"post","link":"https:\/\/zonaroja.com.mx\/?p=5479","title":{"rendered":"\u201cS\u00f3lo as\u00ed pudieron bajarte, comandante Mauricio Pastel\u00edn\u201d"},"content":{"rendered":"\n<p>Redacci\u00f3n\/Zona Roja.<\/p>\n\n\n\n<p>Oaxaca de Ju\u00e1rez, Oax., 6 de noviembre\nde 2019.- Su pueblo natal llor\u00f3. Lo conoc\u00edan bien y conoc\u00edan a su familia. En\nAsunci\u00f3n Ixtaltepec todo se sabe y todos se conocen.<\/p>\n\n\n\n<p>Por eso, este martes, el pueblo istme\u00f1o\nvivi\u00f3 un d\u00eda de luto. Las l\u00e1grimas recorrieron las calles hasta llevar el\nf\u00e9retro del comandante Mauricio Pastel\u00edn P\u00e9rez a su \u00faltima morada. <\/p>\n\n\n\n<p>Conoc\u00edan su trayectoria intachable. Amigos, familiares, conocidos, muchos acompa\u00f1aron al integrante de la Agencia Estatal de Investigaciones (AEI) que ultimado el domingo por la noche en jurisdicci\u00f3n de la Villa de Etla.<\/p>\n\n\n\n<figure class=\"wp-block-image\"><img decoding=\"async\" width=\"820\" height=\"615\" src=\"http:\/\/www.zonaroja.com.mx\/wp-content\/uploads\/2019\/11\/8151188d-057a-4c8d-b6e2-7255137f0e6a.jpg\" alt=\"\" class=\"wp-image-5482\" srcset=\"https:\/\/zonaroja.com.mx\/wp-content\/uploads\/2019\/11\/8151188d-057a-4c8d-b6e2-7255137f0e6a.jpg 820w, https:\/\/zonaroja.com.mx\/wp-content\/uploads\/2019\/11\/8151188d-057a-4c8d-b6e2-7255137f0e6a-300x225.jpg 300w, https:\/\/zonaroja.com.mx\/wp-content\/uploads\/2019\/11\/8151188d-057a-4c8d-b6e2-7255137f0e6a-768x576.jpg 768w, https:\/\/zonaroja.com.mx\/wp-content\/uploads\/2019\/11\/8151188d-057a-4c8d-b6e2-7255137f0e6a-585x439.jpg 585w\" sizes=\"(max-width: 820px) 100vw, 820px\" \/><\/figure>\n\n\n\n<p>\u201cEn la familia nos sentimos agraviados\npor la artera y alevosa forma empleada por los criminales para quitarte del\ncamino. Nunca quisi\u00e9ramos estar en esta despedida que te hacemos hoy en\nIxtaltepec, nuestra tierra querida.<\/p>\n\n\n\n<p>\u201cPero ser\u00eda menos dolorosa si tu muerte hubiese ocurrido en uno de los tantos operativos que encabezaste contra la delincuencia. Muchos entend\u00edamos el riesgo que representaba la vocaci\u00f3n que elegiste en la vida\u201d, postearon en redes sociales sus familiares y amigos.<\/p>\n\n\n\n<p>Al lado del cortejo, una treintena de\nelementos de la AEI y personal de la Vicefiscal\u00eda Regional del Istmo. Flores y\ncoronas, l\u00e1grimas muchas, recorrieron las calles hasta llegar al pante\u00f3n. Antes\nhubo una parada en el Palacio Municipal, donde polic\u00edas le rindieron tambi\u00e9n su\nhomenaje.<\/p>\n\n\n\n<p>\u201cA ti, querido y entra\u00f1able Mau, te dejamos todo el afecto y respeto que entre nuestra gente te supiste ganar con tus acciones cotidianas. S\u00f3lo as\u00ed pudieron bajarte comandante Pastel\u00edn\u201d&#8230;<\/p>\n\n\n\n<figure class=\"wp-block-image\"><img decoding=\"async\" width=\"1024\" height=\"768\" src=\"http:\/\/www.zonaroja.com.mx\/wp-content\/uploads\/2019\/11\/AEI-Ixtaltepec-2-1024x768.jpg\" alt=\"\" class=\"wp-image-5480\" srcset=\"https:\/\/zonaroja.com.mx\/wp-content\/uploads\/2019\/11\/AEI-Ixtaltepec-2-1024x768.jpg 1024w, https:\/\/zonaroja.com.mx\/wp-content\/uploads\/2019\/11\/AEI-Ixtaltepec-2-300x225.jpg 300w, https:\/\/zonaroja.com.mx\/wp-content\/uploads\/2019\/11\/AEI-Ixtaltepec-2-768x576.jpg 768w, https:\/\/zonaroja.com.mx\/wp-content\/uploads\/2019\/11\/AEI-Ixtaltepec-2-585x439.jpg 585w, https:\/\/zonaroja.com.mx\/wp-content\/uploads\/2019\/11\/AEI-Ixtaltepec-2.jpg 1040w\" sizes=\"(max-width: 1024px) 100vw, 1024px\" \/><\/figure>\n\n\n\n<p>Mauricio Pastel\u00ecn Perez, con 17 a\u00f1os en\nla corporaci\u00f3n y con vasta experiencia en la investigaci\u00f3n policial, padre de\nLuis \u00c1ngel y Mar\u00eda In\u00e9s, hijo, hermano, maestro, mando l\u00edder, compa\u00f1ero y buen\namigo. Ayer se despidi\u00f3 de la tierra.<\/p>\n\n\n\n<p>A lo largo de su trayectoria estuvo\nadscrito en diversas comandancias de todas las regiones del estado, adem\u00e1s de\nformar parte de la uerza Especial de Reacci\u00f3n Inmediata (FERI).<\/p>\n\n\n\n<p>Siempre busc\u00f3 la capacitaci\u00f3n continua\nen materias afines a su labor de investigaci\u00f3n, por las que obtuvo constancias\ny reconocimientos con valor curricular.<\/p>\n\n\n\n<p>En noviembre del 2017, luego de\nparticipar en convocatoria emitida, fue acreditado por el Secretariado\nEjecutivo del Sistema Nacional de Seguridad P\u00fablica, tras haber aprobado las\ndiversas evaluaciones para lograr certificarse como \u201cInstructor evaluador estatal\nen competencias b\u00e1sicas de la funci\u00f3n del polic\u00eda de investigaci\u00f3n\u201d.<\/p>\n\n\n\n<p>Ten\u00eda conocimientos y habilidades en temas como el Sistema Penal Acusatorio, el uso de la fuerza y leg\u00edtima defensa, armamento y tiro policial, acondicionamiento f\u00edsico, entre otros.<\/p>\n\n\n\n<figure class=\"wp-block-image\"><img decoding=\"async\" width=\"1024\" height=\"683\" src=\"http:\/\/www.zonaroja.com.mx\/wp-content\/uploads\/2019\/11\/3-1-1-1024x683.jpg\" alt=\"\" class=\"wp-image-5481\" srcset=\"https:\/\/zonaroja.com.mx\/wp-content\/uploads\/2019\/11\/3-1-1-1024x683.jpg 1024w, https:\/\/zonaroja.com.mx\/wp-content\/uploads\/2019\/11\/3-1-1-300x200.jpg 300w, https:\/\/zonaroja.com.mx\/wp-content\/uploads\/2019\/11\/3-1-1-768x512.jpg 768w, https:\/\/zonaroja.com.mx\/wp-content\/uploads\/2019\/11\/3-1-1-1170x780.jpg 1170w, https:\/\/zonaroja.com.mx\/wp-content\/uploads\/2019\/11\/3-1-1-1920x1280.jpg 1920w, https:\/\/zonaroja.com.mx\/wp-content\/uploads\/2019\/11\/3-1-1-585x390.jpg 585w, https:\/\/zonaroja.com.mx\/wp-content\/uploads\/2019\/11\/3-1-1-263x175.jpg 263w\" sizes=\"(max-width: 1024px) 100vw, 1024px\" \/><\/figure>\n\n\n\n<p>LUCHA IMPORTANTE<\/p>\n\n\n\n<p>Su trayectoria fue reconocida, al igual\nque su desempe\u00f1o, vocaci\u00f3n de servicio por los logros obtenidos en diversas\ninvestigaciones y aseguramiento de objetivos relevantes, como:<\/p>\n\n\n\n<p>La banda del autonombrado \u201cComandante\nCejas\u201d; los participantes en la masacre en abril de 2017 de pobladores de San\nPedro M\u00e1rtir Quiechapa; la investigaci\u00f3n y detenci\u00f3n de los probables\nresponsables de la muerte en una farmacia en el Istmo de su compa\u00f1ero, AEI\nAlberto Serret.<\/p>\n\n\n\n<p>Diversos cateos en que fueron\naseguradas drogas, estupefacientes, mercanc\u00edas robadas. En noviembre del 2018\nfue nombrado por el entonces coordinador de la AEI, Jos\u00e9 Antonio Yglesias, como\ncomandante Regional del Sector Etla de la Agencia Estatal de Investigaciones\n(AEI) donde permanec\u00eda hasta el d\u00eda en que le dieron muerte.<\/p>\n\n\n\n<p>Quiz\u00e1 por eso quitaron al comandante Pastel\u00edn. Le estorbaba a alguien, quiz\u00e1 desde adentro de la instituci\u00f3n. Esperanza, Francisco y Yuridia Pastel\u00edn, sus hermanos; sus dos hijos, sus padres, todos lloran al hombre probo. Y tambi\u00e9n gritan \u00a1Justicia!<\/p>\n\n\n\n<figure class=\"wp-block-embed-twitter wp-block-embed is-type-rich is-provider-twitter\"><div class=\"wp-block-embed__wrapper\">\n<div class=\"twitter-tweet\"><blockquote class=\"twitter-tweet\" data-lang=\"es\"><p lang=\"es\" dir=\"ltr\">En su tierra natal, Asunci\u00f3n Ixtaltepec, este martes fue sepultado el comandante de la <a href=\"https:\/\/twitter.com\/AEI_Oaxaca?ref_src=twsrc%5Etfw\">@AEI_Oaxaca<\/a>, Mauricio Pastel\u00edn P\u00e9rez, ultimado la noche del domingo en jurisdicci\u00f3n de la Villa de Etla, <a href=\"https:\/\/twitter.com\/hashtag\/Oaxaca?src=hash&amp;ref_src=twsrc%5Etfw\">#Oaxaca<\/a>. <a href=\"https:\/\/t.co\/BnfNtSpEq3\">pic.twitter.com\/BnfNtSpEq3<\/a><\/p>&mdash; Zona Roja Oaxaca (@MexRoja) <a href=\"https:\/\/twitter.com\/MexRoja\/status\/1191799890676011008?ref_src=twsrc%5Etfw\">5 de noviembre de 2019<\/a><\/blockquote><\/div>\n<\/div><\/figure>\n","protected":false},"excerpt":{"rendered":"<p>Redacci\u00f3n\/Zona Roja. Oaxaca de Ju\u00e1rez, Oax., 6 de noviembre de 2019.- Su pueblo natal llor\u00f3.&hellip;<\/p>\n","protected":false},"author":2,"featured_media":5483,"comment_status":"closed","ping_status":"open","sticky":false,"template":"","format":"standard","meta":{"_lmt_disableupdate":"","_lmt_disable":"","_jetpack_memberships_contains_paid_content":false,"footnotes":""},"categories":[109,47],"tags":[82,966],"class_list":["post-5479","post","type-post","status-publish","format-standard","has-post-thumbnail","hentry","category-minuto-a-minuto","category-zona-gris","tag-agencia-estatal-de-investigaciones","tag-mauricio-pastelin-perez"],"jetpack_featured_media_url":"https:\/\/zonaroja.com.mx\/wp-content\/uploads\/2019\/11\/AEI-Ixtaltepec-1.jpg","jetpack_sharing_enabled":true,"_links":{"self":[{"href":"https:\/\/zonaroja.com.mx\/index.php?rest_route=\/wp\/v2\/posts\/5479","targetHints":{"allow":["GET"]}}],"collection":[{"href":"https:\/\/zonaroja.com.mx\/index.php?rest_route=\/wp\/v2\/posts"}],"about":[{"href":"https:\/\/zonaroja.com.mx\/index.php?rest_route=\/wp\/v2\/types\/post"}],"author":[{"embeddable":true,"href":"https:\/\/zonaroja.com.mx\/index.php?rest_route=\/wp\/v2\/users\/2"}],"replies":[{"embeddable":true,"href":"https:\/\/zonaroja.com.mx\/index.php?rest_route=%2Fwp%2Fv2%2Fcomments&post=5479"}],"version-history":[{"count":1,"href":"https:\/\/zonaroja.com.mx\/index.php?rest_route=\/wp\/v2\/posts\/5479\/revisions"}],"predecessor-version":[{"id":5484,"href":"https:\/\/zonaroja.com.mx\/index.php?rest_route=\/wp\/v2\/posts\/5479\/revisions\/5484"}],"wp:featuredmedia":[{"embeddable":true,"href":"https:\/\/zonaroja.com.mx\/index.php?rest_route=\/wp\/v2\/media\/5483"}],"wp:attachment":[{"href":"https:\/\/zonaroja.com.mx\/index.php?rest_route=%2Fwp%2Fv2%2Fmedia&parent=5479"}],"wp:term":[{"taxonomy":"category","embeddable":true,"href":"https:\/\/zonaroja.com.mx\/index.php?rest_route=%2Fwp%2Fv2%2Fcategories&post=5479"},{"taxonomy":"post_tag","embeddable":true,"href":"https:\/\/zonaroja.com.mx\/index.php?rest_route=%2Fwp%2Fv2%2Ftags&post=5479"}],"curies":[{"name":"wp","href":"https:\/\/api.w.org\/{rel}","templated":true}]}}