{"id":54792,"date":"2023-05-01T09:47:05","date_gmt":"2023-05-01T14:47:05","guid":{"rendered":"http:\/\/www.zonaroja.com.mx\/?p=54792"},"modified":"2023-05-01T09:47:07","modified_gmt":"2023-05-01T14:47:07","slug":"vinculan-a-proceso-a-director-de-migracion-pero-seguira-libre-y-en-el-cargo","status":"publish","type":"post","link":"https:\/\/zonaroja.com.mx\/?p=54792","title":{"rendered":"Vinculan a proceso a director de Migraci\u00f3n\u2026 pero seguir\u00e1 libre y en el cargo"},"content":{"rendered":"\n<p>Redacci\u00f3n\/Zona Roja Cdmx.<\/p>\n\n\n\n<p>Ciudad de M\u00e9xico, a 1 de mayo de 2023.- El titular del Instituto Nacional de Migraci\u00f3n (INM), Francisco Gardu\u00f1o, fue vinculado a proceso por su presunta responsabilidad en el delito de ejercicio indebido del servicio p\u00fablico por la tragedia del 27 de marzo en la estaci\u00f3n migratoria de Ciudad Ju\u00e1rez, en la murieron 40 migrantes.<\/p>\n\n\n\n<p>Al funcionario federal no se le dio prisi\u00f3n preventiva, pero el juez federal V\u00edctor Manlio Hern\u00e1ndez Calder\u00f3n determin\u00f3 que Gardu\u00f1o deber\u00e1 acudir a firmar los martes cada 15 d\u00edas.<\/p>\n\n\n\n<p>Luego de m\u00e1s de 10 horas de audiencia, se concluy\u00f3 que s\u00ed existen datos de prueba para considerar que el titular del INM fue omiso en el cumplimiento de sus funciones encomendadas.<\/p>\n\n\n\n<p>En ese sentido, fue omiso en ejercer, supervisar, proteger y brindar seguridad a los migrantes a cargo del INM, especialmente los que se encontraban en la estaci\u00f3n migratoria de Ciudad de Ju\u00e1rez.<\/p>\n\n\n\n<p>Francisco Gardu\u00f1o ingres\u00f3 al Centro de Justicia Penal Federal en Ciudad Ju\u00e1rez a las 11:00 horas y concluy\u00f3 despu\u00e9s de las 21:00 horas y se realiz\u00f3 este domingo porque el pasado 25 de abril pidi\u00f3 la duplicidad del t\u00e9rmino constitucional. Ayer, se establecieron 4 meses para la investigaci\u00f3n complementaria para este caso.&nbsp;<\/p>\n\n\n\n<p>(Informaci\u00f3n de \u201cEl Heraldo de M\u00e9xico\u201d)<\/p>\n","protected":false},"excerpt":{"rendered":"<p>Redacci\u00f3n\/Zona Roja Cdmx. Ciudad de M\u00e9xico, a 1 de mayo de 2023.- El titular del&hellip;<\/p>\n","protected":false},"author":2,"featured_media":54793,"comment_status":"closed","ping_status":"open","sticky":false,"template":"","format":"standard","meta":{"_lmt_disableupdate":"","_lmt_disable":"","_jetpack_memberships_contains_paid_content":false,"footnotes":""},"categories":[109,47],"tags":[3500],"class_list":["post-54792","post","type-post","status-publish","format-standard","has-post-thumbnail","hentry","category-minuto-a-minuto","category-zona-gris","tag-francisco-garduno-inm"],"jetpack_featured_media_url":"https:\/\/zonaroja.com.mx\/wp-content\/uploads\/2023\/05\/Francisco-Garduno.webp","jetpack_sharing_enabled":true,"_links":{"self":[{"href":"https:\/\/zonaroja.com.mx\/index.php?rest_route=\/wp\/v2\/posts\/54792","targetHints":{"allow":["GET"]}}],"collection":[{"href":"https:\/\/zonaroja.com.mx\/index.php?rest_route=\/wp\/v2\/posts"}],"about":[{"href":"https:\/\/zonaroja.com.mx\/index.php?rest_route=\/wp\/v2\/types\/post"}],"author":[{"embeddable":true,"href":"https:\/\/zonaroja.com.mx\/index.php?rest_route=\/wp\/v2\/users\/2"}],"replies":[{"embeddable":true,"href":"https:\/\/zonaroja.com.mx\/index.php?rest_route=%2Fwp%2Fv2%2Fcomments&post=54792"}],"version-history":[{"count":1,"href":"https:\/\/zonaroja.com.mx\/index.php?rest_route=\/wp\/v2\/posts\/54792\/revisions"}],"predecessor-version":[{"id":54794,"href":"https:\/\/zonaroja.com.mx\/index.php?rest_route=\/wp\/v2\/posts\/54792\/revisions\/54794"}],"wp:featuredmedia":[{"embeddable":true,"href":"https:\/\/zonaroja.com.mx\/index.php?rest_route=\/wp\/v2\/media\/54793"}],"wp:attachment":[{"href":"https:\/\/zonaroja.com.mx\/index.php?rest_route=%2Fwp%2Fv2%2Fmedia&parent=54792"}],"wp:term":[{"taxonomy":"category","embeddable":true,"href":"https:\/\/zonaroja.com.mx\/index.php?rest_route=%2Fwp%2Fv2%2Fcategories&post=54792"},{"taxonomy":"post_tag","embeddable":true,"href":"https:\/\/zonaroja.com.mx\/index.php?rest_route=%2Fwp%2Fv2%2Ftags&post=54792"}],"curies":[{"name":"wp","href":"https:\/\/api.w.org\/{rel}","templated":true}]}}