{"id":54797,"date":"2023-05-01T12:50:00","date_gmt":"2023-05-01T17:50:00","guid":{"rendered":"http:\/\/www.zonaroja.com.mx\/?p=54797"},"modified":"2023-05-01T10:12:25","modified_gmt":"2023-05-01T15:12:25","slug":"desapariciones-en-oaxaca-tiene-que-tocarnos-para-identificarnos-con-las-victimas","status":"publish","type":"post","link":"https:\/\/zonaroja.com.mx\/?p=54797","title":{"rendered":"Desapariciones en Oaxaca: \u201ctiene que tocarnos para identificarnos con las v\u00edctimas\u201d"},"content":{"rendered":"\n<p>Ismael Garc\u00eda M.\/Zona Roja.<\/p>\n\n\n\n<p>Oaxaca de Ju\u00e1rez, Oax., 1 de mayo de 2023.- Domingo de bullicio, por el D\u00eda del Ni\u00f1o y de la Ni\u00f1a. Restaurantes llenos, z\u00f3calo repleto, de paseantes y de grupos musicales. Hasta una festiva vela istme\u00f1a hubo.<\/p>\n\n\n\n<p>Pero el contraste, en el corredor exterior del Palacio de Mujeres, donde en silencio, un grupo de mujeres protest\u00f3 para exigir la b\u00fasqueda de sus seres queridos.<\/p>\n\n\n\n<p>Como el caso de do\u00f1a&nbsp;Martha Pablo Cruz, representante del Colectivo Oaxaque\u00f1o \u201cBuscando a los nuestros\u201d A. C.<\/p>\n\n\n\n<p>Est\u00e1n a punto de cumplirse cuatro a\u00f1os de la desaparici\u00f3n de su hijo Jassiel Vladimir Flori\u00e1n Pablo, desaparecido en Pinotepa Nacional y cuyo \u00faltimo dato se tuvo el 22 de mayo de 2019 en Tlapa, Guerrero.<\/p>\n\n\n\n<p>Con tristeza rememora el hecho, pero tambi\u00e9n con firmeza encabeza a un grupo de activistas para seguir buscando a los suyos.<\/p>\n\n\n\n<p>Platica a ZONA ROJA del proyecto \u201cSangre de mi sangre\u201d, un tejido en rafia, que utilizar\u00e1n el pr\u00f3ximo 10 de mayo, en que marchar\u00e1n con otros colectivos para seguir exigiendo que sean localizados sus familiares.<\/p>\n\n\n\n<p>Explica que a nivel estatal hay unas cinco mil personas desaparecidas y en el caso de \u201cBuscando a los nuestros\u201d, congrega a 16 familias.<\/p>\n\n\n\n<p>Reconoce que en el gobierno de Salom\u00f3n Jara ha habido m\u00e1s apertura que en el sexenio de Alendro Murat. Tambi\u00e9n mayor atenci\u00f3n en la Fiscal\u00eda General del Estado, que preside Bernardo Rodr\u00edguez Alamilla.<\/p>\n\n\n\n<figure class=\"wp-block-embed is-type-rich is-provider-twitter wp-block-embed-twitter\"><div class=\"wp-block-embed__wrapper\">\n<div class=\"twitter-tweet\"><blockquote class=\"twitter-tweet\" data-lang=\"es\"><p lang=\"es\" dir=\"ltr\"><a href=\"https:\/\/twitter.com\/hashtag\/ENVIVO?src=hash&amp;ref_src=twsrc%5Etfw\">#ENVIVO<\/a><br>Oaxaca de Ju\u00e1rez, Oax., a 30 de abril de 2023.- El Colectivo Oaxaque\u00f1o Buscando a los Nuestros realiza una manifestaci\u00f3n pac\u00edfica en el corredor exterior del Palacio de Gobierno, para pedir apoya en la localizaci\u00f3n de sus seres queridos. <br>\ud83d\udc47<a href=\"https:\/\/t.co\/E0bwuos5D3\">https:\/\/t.co\/E0bwuos5D3<\/a> <a href=\"https:\/\/t.co\/VkmLvbL1vW\">pic.twitter.com\/VkmLvbL1vW<\/a><\/p>&mdash; Zona Roja Oaxaca (@ZonaRoja_Oaxaca) <a href=\"https:\/\/twitter.com\/ZonaRoja_Oaxaca\/status\/1652766328778809351?ref_src=twsrc%5Etfw\">30 de abril de 2023<\/a><\/blockquote><\/div>\n<\/div><\/figure>\n\n\n\n<p>\u201cHemos tenido una respuesta favorable, estamos a unos d\u00edas de nuestra reuni\u00f3n con la Fiscal\u00eda, esperamos y tenemos la confianza que habr\u00e1 resultados, porque los gobiernos anteriores, los fiscales anteriores, ni siquiera nos recib\u00edan, ni siquiera nos abr\u00edan las puertas\u201d, dice.<\/p>\n\n\n\n<p>\u201cAfortunadamente este nuevo fiscal se le ve buena disposici\u00f3n, confiamos en que haya mejores resultados, tenemos esa confianza como madres, espero que s\u00ed den los resultados que deseamos\u201d, agrega.<\/p>\n\n\n\n<p>Antes de la desaparici\u00f3n de su hijo Jassiel Vladimir, era indiferente, como muchos m\u00e1s, a las causas sociales justas y al reclamo de familiares de desaparecidos.<\/p>\n\n\n\n<p>\u201cAntes de que eso pasara, yo cre\u00eda y err\u00f3neamente pensaba que Oaxaca no hab\u00eda desaparecidos, no hab\u00eda cr\u00edmenes, porque no lo viv\u00eda, y muchos que pasan igual son igual que yo.<\/p>\n\n\n\n<p>\u201cViv\u00eda en mi mundo y no le pon\u00eda atenci\u00f3n a los dem\u00e1s, pero tiene que tocarnos, tiene que pasarnos y sentir en carne propia, para identificarnos con esas personas.<\/p>\n\n\n\n<p>\u201cPor eso solicitamos la solidaridad de las personas, la empat\u00eda, el apoyo; desgraciadamente la humanidad no es empatiza a nuestro dolor, porque no viven lo que nosotros vivimos\u201d, expone.<\/p>\n","protected":false},"excerpt":{"rendered":"<p>Ismael Garc\u00eda M.\/Zona Roja. Oaxaca de Ju\u00e1rez, Oax., 1 de mayo de 2023.- Domingo de&hellip;<\/p>\n","protected":false},"author":2,"featured_media":54769,"comment_status":"closed","ping_status":"open","sticky":false,"template":"","format":"standard","meta":{"_lmt_disableupdate":"","_lmt_disable":"","_jetpack_memberships_contains_paid_content":false,"footnotes":""},"categories":[109,47],"tags":[3529,642],"class_list":["post-54797","post","type-post","status-publish","format-standard","has-post-thumbnail","hentry","category-minuto-a-minuto","category-zona-gris","tag-colectivo-oaxaqueno-buscando-a-los-nuestros","tag-personas-desaparecidas-oaxaca"],"jetpack_featured_media_url":"https:\/\/zonaroja.com.mx\/wp-content\/uploads\/2023\/04\/Protesta-Colectivo-Buscando-a-los-Nuestros.jpg","jetpack_sharing_enabled":true,"_links":{"self":[{"href":"https:\/\/zonaroja.com.mx\/index.php?rest_route=\/wp\/v2\/posts\/54797","targetHints":{"allow":["GET"]}}],"collection":[{"href":"https:\/\/zonaroja.com.mx\/index.php?rest_route=\/wp\/v2\/posts"}],"about":[{"href":"https:\/\/zonaroja.com.mx\/index.php?rest_route=\/wp\/v2\/types\/post"}],"author":[{"embeddable":true,"href":"https:\/\/zonaroja.com.mx\/index.php?rest_route=\/wp\/v2\/users\/2"}],"replies":[{"embeddable":true,"href":"https:\/\/zonaroja.com.mx\/index.php?rest_route=%2Fwp%2Fv2%2Fcomments&post=54797"}],"version-history":[{"count":2,"href":"https:\/\/zonaroja.com.mx\/index.php?rest_route=\/wp\/v2\/posts\/54797\/revisions"}],"predecessor-version":[{"id":54802,"href":"https:\/\/zonaroja.com.mx\/index.php?rest_route=\/wp\/v2\/posts\/54797\/revisions\/54802"}],"wp:featuredmedia":[{"embeddable":true,"href":"https:\/\/zonaroja.com.mx\/index.php?rest_route=\/wp\/v2\/media\/54769"}],"wp:attachment":[{"href":"https:\/\/zonaroja.com.mx\/index.php?rest_route=%2Fwp%2Fv2%2Fmedia&parent=54797"}],"wp:term":[{"taxonomy":"category","embeddable":true,"href":"https:\/\/zonaroja.com.mx\/index.php?rest_route=%2Fwp%2Fv2%2Fcategories&post=54797"},{"taxonomy":"post_tag","embeddable":true,"href":"https:\/\/zonaroja.com.mx\/index.php?rest_route=%2Fwp%2Fv2%2Ftags&post=54797"}],"curies":[{"name":"wp","href":"https:\/\/api.w.org\/{rel}","templated":true}]}}