{"id":54803,"date":"2023-05-01T18:58:14","date_gmt":"2023-05-01T23:58:14","guid":{"rendered":"http:\/\/www.zonaroja.com.mx\/?p=54803"},"modified":"2023-05-01T18:58:18","modified_gmt":"2023-05-01T23:58:18","slug":"a-paro-general-si-no-hay-solucion-de-jara-y-amlo-a-sus-demandas-seccion-22","status":"publish","type":"post","link":"https:\/\/zonaroja.com.mx\/?p=54803","title":{"rendered":"A paro general si no hay soluci\u00f3n de Jara y AMLO a sus demandas: Secci\u00f3n 22"},"content":{"rendered":"\n<p>Yuridiana Sosa\/Zona Roja.<\/p>\n\n\n\n<p>Oaxaca de Ju\u00e1rez, Oax., a 1 de mayo de 2023.- La Secci\u00f3n 22 del Sindicato Nacional de Trabajadores de la Educaci\u00f3n (SNTE) advirti\u00f3 sobre la posibilidad de un paro estatal y nacional, en caso de no obtener respuestas positivas a su pliego de peticiones por parte del gobierno de Salom\u00f3n Jara Cruz, para el pr\u00f3ximo 5 de mayo.<\/p>\n\n\n\n<p>Como cada a\u00f1o, la gremial march\u00f3 este D\u00eda del Trabajo en la capital del estado, en exigencia a sus demandas, y tras su recorrido de la zona poniente al z\u00f3calo de la ciudad, el Comit\u00e9 Ejecutivo Seccional entreg\u00f3 al mandatario su nuevo pliego de peticiones y posteriormente realiz\u00f3 un mitin.<\/p>\n\n\n\n<p>Representados por la secretaria general, Yenny Aracely P\u00e9rez Mart\u00ednez, la Secci\u00f3n 22 emplaz\u00f3 al gobierno de Jara Cruz a dar respuestas inmediatas y contundentes, al 5 de mayo, esto ante el hartazgo de la dilaci\u00f3n a su pliego entregado en diciembre, para el que se han tenido diversas mesas de di\u00e1logo, pero sin car\u00e1cter resolutivo.<\/p>\n\n\n\n<p>Las respuestas ser\u00e1n analizadas por la asamblea estatal y la consulta a las bases, quien decidir\u00e1 la jornada de lucha en la que se contempla un paro estatal y un paro nacional, indic\u00f3 la l\u00edder en el mitin.<\/p>\n\n\n\n<p>\u201cQue quede claro, que la Secci\u00f3n 22 est\u00e1 m\u00e1s viva que nunca\u201d, sentenci\u00f3 la dirigente de la gremial.<\/p>\n\n\n\n<figure class=\"wp-block-embed is-type-rich is-provider-twitter wp-block-embed-twitter\"><div class=\"wp-block-embed__wrapper\">\n<div class=\"twitter-tweet\"><blockquote class=\"twitter-tweet\" data-lang=\"es\"><p lang=\"es\" dir=\"ltr\"><a href=\"https:\/\/twitter.com\/hashtag\/%C3%9AltimoMinuto?src=hash&amp;ref_src=twsrc%5Etfw\">#\u00daltimoMinuto<\/a><br>Tras entregar su pliego petitorio al <a href=\"https:\/\/twitter.com\/GobOax?ref_src=twsrc%5Etfw\">@goboax<\/a>, la Secci\u00f3n 22 del SNTE dijo que el mandatario <a href=\"https:\/\/twitter.com\/salomonj?ref_src=twsrc%5Etfw\">@salomonj<\/a> tiene s\u00f3lo cinco d\u00edas para dar respuestas contundentes a las demandas, de lo contrario iniciar\u00e1n las movilizaciones. <br>Aqu\u00ed la conferencia de prensa que dio: <a href=\"https:\/\/t.co\/OMEdwygrEf\">pic.twitter.com\/OMEdwygrEf<\/a><\/p>&mdash; Zona Roja Oaxaca (@ZonaRoja_Oaxaca) <a href=\"https:\/\/twitter.com\/ZonaRoja_Oaxaca\/status\/1653142563292069889?ref_src=twsrc%5Etfw\">1 de mayo de 2023<\/a><\/blockquote><\/div>\n<\/div><\/figure>\n\n\n\n<p>PETICIONES<\/p>\n\n\n\n<p>En el pliego de peticiones exigen al gobierno federal la abrogaci\u00f3n de la Ley del ISSSTE, la reforma educativa y se eche abajo la reci\u00e9n iniciativa presentada por el presidente Andr\u00e9s Manuel L\u00f3pez Obrador para que la Direcci\u00f3n General de Educaci\u00f3n Ind\u00edgena Intercultural y Biling\u00fce (DGEIIB), pase de pertenecer a la SEP al INPI.<\/p>\n\n\n\n<p>Entre otras demandas que tambi\u00e9n cometen la intervenci\u00f3n del gobierno del estado, la Secci\u00f3n 22 plasm\u00f3 exigencias de atenci\u00f3n en temas de car\u00e1cter administrativo, educativo, aumento de salario, justicia y soluci\u00f3n a deudas rezagadas en dichos \u00e1mbitos.<\/p>\n\n\n\n<p>Del 8 al 12 de mayo la gremial tiene programada la consulta a las bases de las respuestas que se ofrezcan y ser\u00e1n \u00e9stas las que decidan si son satisfactorias o no y el plan de acci\u00f3n que llevar\u00e1n a cabo.<\/p>\n\n\n\n<p>En un comunicado de prensa, el gobierno de Salom\u00f3n Jara Cruz inform\u00f3 que \u201cnuestro gobierno tiene un origen social y popular, la mayor\u00eda de quienes estamos aqu\u00ed hemos participado en la lucha social, lo cual tiene un significado muy importante y simb\u00f3lico\u201d, y por ello no habr\u00e1 ni cooptaci\u00f3n ni represi\u00f3n al sindicalismo democr\u00e1tico\u201d.<\/p>\n\n\n\n<p>Reiter\u00f3 la disposici\u00f3n para avanzar en la soluci\u00f3n de las demandas magisteriales: \u201cen nosotros encontrar\u00e1n siempre voluntad, disposici\u00f3n y apertura para conversar y atender las causas y aspiraciones leg\u00edtimas del magisterio democr\u00e1tico oaxaque\u00f1o porque tambi\u00e9n son nuestras causas\u201d.<\/p>\n","protected":false},"excerpt":{"rendered":"<p>Yuridiana Sosa\/Zona Roja. Oaxaca de Ju\u00e1rez, Oax., a 1 de mayo de 2023.- La Secci\u00f3n&hellip;<\/p>\n","protected":false},"author":2,"featured_media":54804,"comment_status":"closed","ping_status":"open","sticky":false,"template":"","format":"standard","meta":{"_lmt_disableupdate":"","_lmt_disable":"","_jetpack_memberships_contains_paid_content":false,"footnotes":""},"categories":[109,47],"tags":[312],"class_list":["post-54803","post","type-post","status-publish","format-standard","has-post-thumbnail","hentry","category-minuto-a-minuto","category-zona-gris","tag-seccion-22-del-snte"],"jetpack_featured_media_url":"https:\/\/zonaroja.com.mx\/wp-content\/uploads\/2023\/05\/Seccion-22-del-SNTE-marcha-mitin.jpg","jetpack_sharing_enabled":true,"_links":{"self":[{"href":"https:\/\/zonaroja.com.mx\/index.php?rest_route=\/wp\/v2\/posts\/54803","targetHints":{"allow":["GET"]}}],"collection":[{"href":"https:\/\/zonaroja.com.mx\/index.php?rest_route=\/wp\/v2\/posts"}],"about":[{"href":"https:\/\/zonaroja.com.mx\/index.php?rest_route=\/wp\/v2\/types\/post"}],"author":[{"embeddable":true,"href":"https:\/\/zonaroja.com.mx\/index.php?rest_route=\/wp\/v2\/users\/2"}],"replies":[{"embeddable":true,"href":"https:\/\/zonaroja.com.mx\/index.php?rest_route=%2Fwp%2Fv2%2Fcomments&post=54803"}],"version-history":[{"count":1,"href":"https:\/\/zonaroja.com.mx\/index.php?rest_route=\/wp\/v2\/posts\/54803\/revisions"}],"predecessor-version":[{"id":54805,"href":"https:\/\/zonaroja.com.mx\/index.php?rest_route=\/wp\/v2\/posts\/54803\/revisions\/54805"}],"wp:featuredmedia":[{"embeddable":true,"href":"https:\/\/zonaroja.com.mx\/index.php?rest_route=\/wp\/v2\/media\/54804"}],"wp:attachment":[{"href":"https:\/\/zonaroja.com.mx\/index.php?rest_route=%2Fwp%2Fv2%2Fmedia&parent=54803"}],"wp:term":[{"taxonomy":"category","embeddable":true,"href":"https:\/\/zonaroja.com.mx\/index.php?rest_route=%2Fwp%2Fv2%2Fcategories&post=54803"},{"taxonomy":"post_tag","embeddable":true,"href":"https:\/\/zonaroja.com.mx\/index.php?rest_route=%2Fwp%2Fv2%2Ftags&post=54803"}],"curies":[{"name":"wp","href":"https:\/\/api.w.org\/{rel}","templated":true}]}}