{"id":54806,"date":"2023-05-01T20:18:16","date_gmt":"2023-05-02T01:18:16","guid":{"rendered":"http:\/\/www.zonaroja.com.mx\/?p=54806"},"modified":"2023-05-01T20:18:19","modified_gmt":"2023-05-02T01:18:19","slug":"ahora-jara-se-va-contra-sexenio-de-cue-en-el-que-trabajo-asegura-que-hubo-moches","status":"publish","type":"post","link":"https:\/\/zonaroja.com.mx\/?p=54806","title":{"rendered":"Ahora Jara se va contra sexenio de Cu\u00e9, en el que trabaj\u00f3; asegura que hubo \u201cmoches\u201d"},"content":{"rendered":"\n<p>Yuridiana Sosa\/Zona Roja.<\/p>\n\n\n\n<p>Oaxaca de Ju\u00e1rez, Oax., a 1 de mayo de 2023.- El gobernador de Oaxaca, Salom\u00f3n Jara Cruz, ahora se fue contra el gobierno que encabez\u00f3 Gabino Cu\u00e9 &#8211; y en el cual fungi\u00f3 como secretario de Desarrollo Agropecuario- en especial por los actos de corrupci\u00f3n cometidos por el operador del ex mandatario, Jorge \u201cEl Coco\u201d Castillo D\u00edaz, y que ahora son motivo de deudas para su gobierno.<\/p>\n\n\n\n<p>La revancha ocurri\u00f3 durante la conferencia ma\u00f1anera de este lunes, en la que Jara Cruz, quien fue secretario de Desarrollo Agropecuario, Forestal y Pesquero de Oaxaca de 2010 a 2013 con Gabino Cu\u00e9, asegur\u00f3 que en su gobierno no hay ning\u00fan Jorge Castillo y no lo habr\u00e1.<\/p>\n\n\n\n<p>\u201cAqu\u00ed no tenemos a ning\u00fan Jorge Castillo, aqu\u00ed todos tienen una responsabilidad. Se acabaron los moches, las comisiones, esos actos de corrupci\u00f3n que se hac\u00edan.<\/p>\n\n\n\n<p>\u201cA eso se dedicaba Jorge Castillo en el gobierno de Gabino, era el monaguillo que pasaba la charola a todas las secretar\u00edas, era el ejecutor econ\u00f3mico, muchos le reclamaron a Gabino en su periodo, pero no escuch\u00f3\u201d, se\u00f1al\u00f3 el gobernador de Oaxaca.<\/p>\n\n\n\n<p>Tales acusaciones derivaron de algunas resoluciones del Tribunal de Justicia Administrativa de Oaxaca a favor de empresas ligadas con Jorge Castillo, pues ahora le obligan a pagar al gobierno de Jara Cruz deudas que correspond\u00edan ejecutar en pasadas administraciones.<\/p>\n\n\n\n<p>Salom\u00f3n Jara asever\u00f3 que actualmente los magistrados del Tribunal de Justicia Administrativa de Oaxaca en lugar de resolver los problemas contra la corrupci\u00f3n, protegen a los actores y est\u00e1n al servicio de algunas empresas constructoras, como las que tienen relaci\u00f3n con Jorge Castillo.<\/p>\n\n\n\n<figure class=\"wp-block-embed is-type-rich is-provider-twitter wp-block-embed-twitter\"><div class=\"wp-block-embed__wrapper\">\n<div class=\"twitter-tweet\"><blockquote class=\"twitter-tweet\" data-lang=\"es\"><p lang=\"es\" dir=\"ltr\">El gobernador <a href=\"https:\/\/twitter.com\/salomonj?ref_src=twsrc%5Etfw\">@salomonj<\/a> critic\u00f3 hoy a Gabino Cu\u00e9, sexenio en el que trabaj\u00f3 como secretario de Agricultura.<br>Se\u00f1ala \u201cmoches\u201d que hubo durante esa gesti\u00f3n, v\u00eda Jorge Castillo.<br>Anuncia que van contra el Tribunal de Justicia Administrativa, para que se quite a magistrados actuales. <a href=\"https:\/\/t.co\/7oWoig09nM\">pic.twitter.com\/7oWoig09nM<\/a><\/p>&mdash; Zona Roja Oaxaca (@ZonaRoja_Oaxaca) <a href=\"https:\/\/twitter.com\/ZonaRoja_Oaxaca\/status\/1653096251888369664?ref_src=twsrc%5Etfw\">1 de mayo de 2023<\/a><\/blockquote><\/div>\n<\/div><\/figure>\n\n\n\n<p>VAN CONTRA TJAO<\/p>\n\n\n\n<p>Por situaciones como lo anterior, Salom\u00f3n Jara anunci\u00f3 que desde su gobierno se analizan las posibilidades para hacer cambios estructurales en ese organismo o su desaparici\u00f3n.<\/p>\n\n\n\n<p>Dijo que los magistrados actuales siguen al servicio del PRI y fueron puestos para que durante el actual gobierno sigan protegiendo a los ex funcionarios, pues es ah\u00ed donde se tratan los asuntos de se\u00f1alamientos de responsabilidad administrativa.<\/p>\n\n\n\n<p>Por ello, analizan jur\u00eddicamente la situaci\u00f3n para enviar al Congreso de Oaxaca una propuesta para hacer cambios en ese Tribunal.<\/p>\n\n\n\n<p>El titular de la Consejer\u00eda Jur\u00eddica del Gobierno del Estado de Oaxaca, Geovany V\u00e1squez Sagrero, se\u00f1al\u00f3 que eval\u00faan y revisan las posibilidades jur\u00eddicas de hacer \u201ccambios fuertes\u201d en el TJAO que permita democratizarlo.<\/p>\n\n\n\n<p>\u201cConocen el historial de quienes est\u00e1n como magistrados en ese Tribunal, y muchos de ellos activistas pol\u00edticos del PRI y los dejaron para que funjan en este periodo desde el Tribunal\u201d, asegur\u00f3.<\/p>\n\n\n\n<p>Apunt\u00f3 que hay litigios en materia administrativa haciendo requerimientos de pagos, por facturas, obras, contratos que en la pasada administraci\u00f3n dorm\u00edan el sue\u00f1o de los justos, pero que en v\u00edsperas del nuevo gobierno desahogaron pruebas y cuando llegaron ten\u00edan los requerimientos de pagos forzosos de esas deudas.<\/p>\n\n\n\n<p>\u201cNo estamos de acuerdo y estamos en la ruta&nbsp; jur\u00eddica para que sean revisadas, en algunos casos se hizo con todo el dolo para que no hubiera tiempo de defensa, pero aun as\u00ed estamos viendo posibilidades para no afectar el erario p\u00fablico con esas deudas\u201d, explic\u00f3.<\/p>\n","protected":false},"excerpt":{"rendered":"<p>Yuridiana Sosa\/Zona Roja. Oaxaca de Ju\u00e1rez, Oax., a 1 de mayo de 2023.- El gobernador&hellip;<\/p>\n","protected":false},"author":2,"featured_media":54807,"comment_status":"closed","ping_status":"open","sticky":false,"template":"","format":"standard","meta":{"_lmt_disableupdate":"","_lmt_disable":"","_jetpack_memberships_contains_paid_content":false,"footnotes":""},"categories":[109,47],"tags":[3530,939],"class_list":["post-54806","post","type-post","status-publish","format-standard","has-post-thumbnail","hentry","category-minuto-a-minuto","category-zona-gris","tag-jorge-castillo-diaz","tag-salomon-jara-cruz"],"jetpack_featured_media_url":"https:\/\/zonaroja.com.mx\/wp-content\/uploads\/2023\/05\/Gabino-Cue-y-Jorge-Castillo-Diaz.jpg","jetpack_sharing_enabled":true,"_links":{"self":[{"href":"https:\/\/zonaroja.com.mx\/index.php?rest_route=\/wp\/v2\/posts\/54806","targetHints":{"allow":["GET"]}}],"collection":[{"href":"https:\/\/zonaroja.com.mx\/index.php?rest_route=\/wp\/v2\/posts"}],"about":[{"href":"https:\/\/zonaroja.com.mx\/index.php?rest_route=\/wp\/v2\/types\/post"}],"author":[{"embeddable":true,"href":"https:\/\/zonaroja.com.mx\/index.php?rest_route=\/wp\/v2\/users\/2"}],"replies":[{"embeddable":true,"href":"https:\/\/zonaroja.com.mx\/index.php?rest_route=%2Fwp%2Fv2%2Fcomments&post=54806"}],"version-history":[{"count":1,"href":"https:\/\/zonaroja.com.mx\/index.php?rest_route=\/wp\/v2\/posts\/54806\/revisions"}],"predecessor-version":[{"id":54808,"href":"https:\/\/zonaroja.com.mx\/index.php?rest_route=\/wp\/v2\/posts\/54806\/revisions\/54808"}],"wp:featuredmedia":[{"embeddable":true,"href":"https:\/\/zonaroja.com.mx\/index.php?rest_route=\/wp\/v2\/media\/54807"}],"wp:attachment":[{"href":"https:\/\/zonaroja.com.mx\/index.php?rest_route=%2Fwp%2Fv2%2Fmedia&parent=54806"}],"wp:term":[{"taxonomy":"category","embeddable":true,"href":"https:\/\/zonaroja.com.mx\/index.php?rest_route=%2Fwp%2Fv2%2Fcategories&post=54806"},{"taxonomy":"post_tag","embeddable":true,"href":"https:\/\/zonaroja.com.mx\/index.php?rest_route=%2Fwp%2Fv2%2Ftags&post=54806"}],"curies":[{"name":"wp","href":"https:\/\/api.w.org\/{rel}","templated":true}]}}