{"id":54811,"date":"2023-05-01T20:49:16","date_gmt":"2023-05-02T01:49:16","guid":{"rendered":"http:\/\/www.zonaroja.com.mx\/?p=54811"},"modified":"2023-05-01T20:49:23","modified_gmt":"2023-05-02T01:49:23","slug":"el-1m-en-oaxaca-por-dia-del-trabajo-sin-quejas-y-sin-ganas-de-marchar","status":"publish","type":"post","link":"https:\/\/zonaroja.com.mx\/?p=54811","title":{"rendered":"El 1M en Oaxaca por D\u00eda del Trabajo: sin quejas y sin ganas de marchar"},"content":{"rendered":"\n<p>Yuridiana Sosa\/Zona Roja.<\/p>\n\n\n\n<p>Oaxaca de Ju\u00e1rez, Oax., a 1 de mayo de 2023.- Miles de trabajadores del Gobierno del Estado marcharon este D\u00eda del Trabajo, en la capital del estado, en demanda al cumplimiento de sus pliegos de peticiones, en la que no manifestaron mayores exigencias, cr\u00edticas o advertencias al gobierno de Salom\u00f3n Jara.<\/p>\n\n\n\n<p>A trav\u00e9s de los diversos sindicatos, cada uno por su cuenta, los trabajadores recorrieron las principales calles de la capital hasta llegar al z\u00f3calo de la ciudad, as\u00ed como en algunos casos acudieron a Palacio de Gobierno para la entrega del pliego petitorio.<\/p>\n\n\n\n<p>Fue el caso de la Secci\u00f3n 35 del Sindicato Nacional de Trabajadores de Salud (SNTSA) -que representa a 13 mil trabajadores- que liderada por Omar L\u00f3pez S\u00e1nchez, entreg\u00f3 al gobernador las demandas del sector, entre las que destacan programa de profesionalizaci\u00f3n para todos, recodificaci\u00f3n para todo el personal, bono del d\u00eda del padre y pago de uniformes en efectivo.<\/p>\n\n\n\n<p>En el mitin desde el kiosco del z\u00f3calo, el dirigente llam\u00f3 al Gobierno del Estado a escuchar las demandas del sector, el cual adem\u00e1s de sus derechos laborales exige las condiciones para ejercer su labor, como son insumos y medicamentos.<\/p>\n\n\n\n<p>La dirigencia no realiz\u00f3 posicionamientos en\u00e9rgicos respecto a la respuesta de sus demandas, y se limit\u00f3 a agradecer a los trabajadores su participaci\u00f3n en este acto.<\/p>\n\n\n\n<p>LA BUROCRACIA<\/p>\n\n\n\n<p>El \u00fanico contingente relevante fue el del magisterio oaxaque\u00f1o, afiliado a la Secci\u00f3n 22 del SNTE, que sali\u00f3 alrededor de las 10:00 horas de la zona poniente de la capital y luego de m\u00e1s de dos horas, arrib\u00f3 al z\u00f3calo.<\/p>\n\n\n\n<p>Las acostumbradas arengas y las mismas exigencias de siempre, plante\u00f3 su dirigencia sindical, que acudi\u00f3 al Palacio de Gobierno para entregar el pliego petitorio pero al regresar al kiosco, la mayor\u00eda de trabajadores de la educaci\u00f3n ya se hab\u00eda retirado.<\/p>\n\n\n\n<p>Por otra parte, miles de integrantes del Sindicato de Trabajadores de los Poderes del Estado e Instituciones Descentralizadas de Car\u00e1cter Estatal de Oaxaca (STPEIDCEO) realizaron una breve movilizaci\u00f3n de la calzada Madero al z\u00f3calo.<\/p>\n\n\n\n<p>Luego de las negociaciones y acuerdos con la Secretar\u00eda de Administraci\u00f3n, la mayor\u00eda de los bur\u00f3cratas marcharon sin mayores quejas, a excepci\u00f3n de algunos casos como los del Registro Civil, que se quejaron de la falta de entrega de uniformes, por lo que mantienen una manifestaci\u00f3n pac\u00edfica.<\/p>\n\n\n\n<p>As\u00ed tambi\u00e9n, trabajadores del Poder Judicial marcharon, sin que se registraran novedades durante su trayecto.<\/p>\n\n\n\n<p>En tanto, que por su cuenta y m\u00e1s tarde, march\u00f3 la Secci\u00f3n 22 del Sindicato Nacional de Trabajadores de la Educaci\u00f3n (SNTE), desde la zona oriente al z\u00f3calo, tras lo cual entregaron un nuevo pliego de peticiones.&nbsp;<\/p>\n\n\n\n<p>Otros sindicatos, como el de Trabajadores y Empleados de la UABJO, del Instituto de Estudios de Bachillerato de Oaxaca, de Caminos para el Bienestar, hicieron lo propio, pero a falta de fuerza, tuvieron que refugiarse con la Secci\u00f3n 22.<\/p>\n\n\n\n<p>Otros contingentes de obreros partieron de la fuente de las Ocho Regiones, desde temprana hora, y unos m\u00e1s del parque \u201cEl Llano\u201d. Cada gremio cumpli\u00f3 con la costumbre de no trabajar y de marchar el 1 de mayo, para retirarse la mayor\u00eda de inmediato a sus respectivos domicilios.<\/p>\n","protected":false},"excerpt":{"rendered":"<p>Yuridiana Sosa\/Zona Roja. Oaxaca de Ju\u00e1rez, Oax., a 1 de mayo de 2023.- Miles de&hellip;<\/p>\n","protected":false},"author":2,"featured_media":54812,"comment_status":"closed","ping_status":"open","sticky":false,"template":"","format":"standard","meta":{"_lmt_disableupdate":"","_lmt_disable":"","_jetpack_memberships_contains_paid_content":false,"footnotes":""},"categories":[109,47],"tags":[148],"class_list":["post-54811","post","type-post","status-publish","format-standard","has-post-thumbnail","hentry","category-minuto-a-minuto","category-zona-gris","tag-oaxaca-de-juarez"],"jetpack_featured_media_url":"https:\/\/zonaroja.com.mx\/wp-content\/uploads\/2023\/05\/Marchas-Oaxaca.jpg","jetpack_sharing_enabled":true,"_links":{"self":[{"href":"https:\/\/zonaroja.com.mx\/index.php?rest_route=\/wp\/v2\/posts\/54811","targetHints":{"allow":["GET"]}}],"collection":[{"href":"https:\/\/zonaroja.com.mx\/index.php?rest_route=\/wp\/v2\/posts"}],"about":[{"href":"https:\/\/zonaroja.com.mx\/index.php?rest_route=\/wp\/v2\/types\/post"}],"author":[{"embeddable":true,"href":"https:\/\/zonaroja.com.mx\/index.php?rest_route=\/wp\/v2\/users\/2"}],"replies":[{"embeddable":true,"href":"https:\/\/zonaroja.com.mx\/index.php?rest_route=%2Fwp%2Fv2%2Fcomments&post=54811"}],"version-history":[{"count":1,"href":"https:\/\/zonaroja.com.mx\/index.php?rest_route=\/wp\/v2\/posts\/54811\/revisions"}],"predecessor-version":[{"id":54813,"href":"https:\/\/zonaroja.com.mx\/index.php?rest_route=\/wp\/v2\/posts\/54811\/revisions\/54813"}],"wp:featuredmedia":[{"embeddable":true,"href":"https:\/\/zonaroja.com.mx\/index.php?rest_route=\/wp\/v2\/media\/54812"}],"wp:attachment":[{"href":"https:\/\/zonaroja.com.mx\/index.php?rest_route=%2Fwp%2Fv2%2Fmedia&parent=54811"}],"wp:term":[{"taxonomy":"category","embeddable":true,"href":"https:\/\/zonaroja.com.mx\/index.php?rest_route=%2Fwp%2Fv2%2Fcategories&post=54811"},{"taxonomy":"post_tag","embeddable":true,"href":"https:\/\/zonaroja.com.mx\/index.php?rest_route=%2Fwp%2Fv2%2Ftags&post=54811"}],"curies":[{"name":"wp","href":"https:\/\/api.w.org\/{rel}","templated":true}]}}