{"id":54825,"date":"2023-05-02T13:11:00","date_gmt":"2023-05-02T18:11:00","guid":{"rendered":"http:\/\/www.zonaroja.com.mx\/?p=54825"},"modified":"2023-05-02T08:21:58","modified_gmt":"2023-05-02T13:21:58","slug":"denuncia-amlo-que-seudolideres-pedian-millones-de-pesos-para-no-afectar","status":"publish","type":"post","link":"https:\/\/zonaroja.com.mx\/?p=54825","title":{"rendered":"Denuncia AMLO que \u201cseudol\u00edderes\u201d ped\u00edan millones de pesos para no afectar"},"content":{"rendered":"\n<p>Redacci\u00f3n\/Zona Roja Cdmx.<\/p>\n\n\n\n<p>Ciudad de M\u00e9xico, a 2 de mayo de 2023.- El presidente Andr\u00e9s Manuel L\u00f3pez Obrador afirm\u00f3 que hubo \u201cun grupo de seudol\u00edderes\u201d en la zona del Istmo de Tehuantepec que quiso sacar raja para obtener 50 millones de pesos, al promover acciones en contra del Corredor Trans\u00edstmico, lo cual fue rechazado por su gobierno.<\/p>\n\n\n\n<p>Esa agrupaci\u00f3n incluso lleg\u00f3 a bajar sus pretensiones, en principio a 30 millones, y finalmente a cinco; pero lejos de ceder a esas presiones, la idea fue alcanzar acuerdos con las comunidades de la regi\u00f3n para brindarles apoyos y atender distintos temas.&nbsp;<\/p>\n\n\n\n<p>Las inversiones p\u00fablicas en el Istmo, enfatiz\u00f3, incluyendo la rehabilitaci\u00f3n de las refiner\u00edas de Salina Cruz y Minatitl\u00e1n, ascienden a 300 mil millones de pesos.<\/p>\n\n\n\n<p>Durante la conferencia ma\u00f1anera de ayer en Palacio Nacional, el mandatario rechaz\u00f3 que existan bloqueos en esa zona por parte de pobladores que se oponen al proyecto. \u201cNo hay bloqueos\u201d. Y remarc\u00f3 que las comunidades del sureste del pa\u00eds, tanto de la pen\u00ednsula de Yucat\u00e1n como del Istmo, est\u00e1n ayudando mucho.<\/p>\n\n\n\n<p>\u201cEstamos resolviendo problemas agrarios de hace 40 a\u00f1os\u201d y se trabaja en 10 parques industriales a fin de generar empleos para los pobladores de la zona. La idea, dijo, es equilibrar el sureste, que siga el crecimiento en el norte, el centro y el Baj\u00edo, pero no se deje atr\u00e1s al sur.<\/p>\n\n\n\n<p>Destac\u00f3 que hay grupos y organizaciones que presionan por medio de movilizaciones, bloqueos u otras acciones para obtener prebendas por parte de diferentes niveles de gobierno, como \u201cse mal acostumbraron en el pasado. Hay quienes quieren sacar raja, seudol\u00edderes, as\u00ed como seudoambientalistas o l\u00edderes nylon, muy corruptos, que levantan un movimiento, le dicen a la gente: \u2018Vamos a pedir que nos den tanto dinero\u2019, y algunos los siguen. Ya se habla con la gente, se les dice: No se va a dar dinero\u201d.<\/p>\n\n\n\n<p>Record\u00f3 que en su administraci\u00f3n existe la consigna de que no se otorgue ni un centavo para ese tipo de corruptelas.<\/p>\n\n\n\n<p>\u201cPREFERIBLE OLVIDAD\u201d<\/p>\n\n\n\n<p>\u201cHab\u00eda una organizaci\u00f3n, que no quiero mencionar, cuyo nombre es preferible olvidar, que se llevaba alrededor de 10 mil millones de pesos al a\u00f1o de puro chantaje, 10 mil millones de pesos. Le ten\u00eda que dar la Secretar\u00eda de Bienestar, la de Desarrollo Urbano, la de Agricultura, pero a manos llenas; los gobiernos estatales y los municipales. Ya se acab\u00f3 eso, ya no hay, pero todav\u00eda hay algunos nost\u00e1lgicos despistados que piensan que es el tiempo de antes\u201d.<\/p>\n\n\n\n<p>Indic\u00f3 que hay grupos que pueden recordarle que \u00e9l mismo realizaba movilizaciones como opositor. \u201cClaro, nada m\u00e1s que yo nunca bloque\u00e9 un camino y mucho menos por dinero. Nosotros luchamos por la democracia, por la justicia y siempre evadimos el acoso, nunca ca\u00edmos en una provocaci\u00f3n y era la no violencia como pr\u00e1ctica de lucha. Entonces, no es lo mismo\u201d.<\/p>\n\n\n\n<p>Por otro lado, se dieron a conocer los avances en la construcci\u00f3n del tramo tres del Tren Maya, que correr\u00e1 159 kil\u00f3metros de Calkin\u00ed, Campeche, a Izamal, Yucat\u00e1n. El director general del Fondo Nacional de Fomento al Turismo, Javier May, inform\u00f3 que en este tramo \u2013que ha generado mas de 11 mil empleos\u2013, se tienen ya 92 kil\u00f3metros de v\u00eda terminada, un avance de 63 por ciento en los tres viaductos que incluir\u00e1 y otras obras con 69 por ciento de adelanto.<\/p>\n\n\n\n<p>Asimismo, el gobernador de Yucat\u00e1n, Mauricio Vila, presente en la ma\u00f1anera, inform\u00f3 que el Tren Maya no s\u00f3lo representa un proyecto tur\u00edstico, sino tambi\u00e9n de carga, lo que permitir\u00e1 el desarrollo de la regi\u00f3n.<\/p>\n\n\n\n<p>En el caso de su estado, su conexi\u00f3n con el Tren Trans\u00edstmico permitir\u00e1 que a trav\u00e9s de Puerto Progreso se trasladen y carguen mercanc\u00edas hacia la costa este de Estados Unidos y el sureste \u201cse convierta en una nueva frontera\u201d con el vecino del norte.<\/p>\n\n\n\n<p>(Informaci\u00f3n de \u201cLa Jornada\u201d)<\/p>\n","protected":false},"excerpt":{"rendered":"<p>Redacci\u00f3n\/Zona Roja Cdmx. Ciudad de M\u00e9xico, a 2 de mayo de 2023.- El presidente Andr\u00e9s&hellip;<\/p>\n","protected":false},"author":2,"featured_media":52857,"comment_status":"closed","ping_status":"open","sticky":false,"template":"","format":"standard","meta":{"_lmt_disableupdate":"","_lmt_disable":"","_jetpack_memberships_contains_paid_content":false,"footnotes":""},"categories":[109,47],"tags":[143,2917],"class_list":["post-54825","post","type-post","status-publish","format-standard","has-post-thumbnail","hentry","category-minuto-a-minuto","category-zona-gris","tag-andres-manuel-lopez-obrador","tag-corredor-interoceanico-oaxaca"],"jetpack_featured_media_url":"https:\/\/zonaroja.com.mx\/wp-content\/uploads\/2023\/03\/Corredor-Interoceanico-rechazo-a-proyecto.jpeg","jetpack_sharing_enabled":true,"_links":{"self":[{"href":"https:\/\/zonaroja.com.mx\/index.php?rest_route=\/wp\/v2\/posts\/54825","targetHints":{"allow":["GET"]}}],"collection":[{"href":"https:\/\/zonaroja.com.mx\/index.php?rest_route=\/wp\/v2\/posts"}],"about":[{"href":"https:\/\/zonaroja.com.mx\/index.php?rest_route=\/wp\/v2\/types\/post"}],"author":[{"embeddable":true,"href":"https:\/\/zonaroja.com.mx\/index.php?rest_route=\/wp\/v2\/users\/2"}],"replies":[{"embeddable":true,"href":"https:\/\/zonaroja.com.mx\/index.php?rest_route=%2Fwp%2Fv2%2Fcomments&post=54825"}],"version-history":[{"count":1,"href":"https:\/\/zonaroja.com.mx\/index.php?rest_route=\/wp\/v2\/posts\/54825\/revisions"}],"predecessor-version":[{"id":54826,"href":"https:\/\/zonaroja.com.mx\/index.php?rest_route=\/wp\/v2\/posts\/54825\/revisions\/54826"}],"wp:featuredmedia":[{"embeddable":true,"href":"https:\/\/zonaroja.com.mx\/index.php?rest_route=\/wp\/v2\/media\/52857"}],"wp:attachment":[{"href":"https:\/\/zonaroja.com.mx\/index.php?rest_route=%2Fwp%2Fv2%2Fmedia&parent=54825"}],"wp:term":[{"taxonomy":"category","embeddable":true,"href":"https:\/\/zonaroja.com.mx\/index.php?rest_route=%2Fwp%2Fv2%2Fcategories&post=54825"},{"taxonomy":"post_tag","embeddable":true,"href":"https:\/\/zonaroja.com.mx\/index.php?rest_route=%2Fwp%2Fv2%2Ftags&post=54825"}],"curies":[{"name":"wp","href":"https:\/\/api.w.org\/{rel}","templated":true}]}}