{"id":54827,"date":"2023-05-02T09:16:45","date_gmt":"2023-05-02T14:16:45","guid":{"rendered":"http:\/\/www.zonaroja.com.mx\/?p=54827"},"modified":"2023-05-02T09:16:51","modified_gmt":"2023-05-02T14:16:51","slug":"acuerda-la-seccion-22-del-snte-desconocer-al-titular-del-inpi-adelfo-regino","status":"publish","type":"post","link":"https:\/\/zonaroja.com.mx\/?p=54827","title":{"rendered":"Acuerda la Secci\u00f3n 22 del SNTE desconocer al titular del INPI, Adelfo Regino"},"content":{"rendered":"\n<p>Ismael Garc\u00eda M.\/Zona Roja.<\/p>\n\n\n\n<p>Oaxaca de Ju\u00e1rez, Oax., a 2 de mayo de 2023.- La Asamblea Estatal de la Secci\u00f3n 22 del Sindicato de Trabajadores de la Educaci\u00f3n acord\u00f3 desconocer al director general del Instituto Nacional de Pueblos Ind\u00edgenas (INPI), el oaxaque\u00f1o Adelfo Regino Montes.<\/p>\n\n\n\n<p>Lo anterior, \u201cpor firmar el convenio, con fecha 13 de enero de 2021, en donde el nivel de Educaci\u00f3n Ind\u00edgena pasar\u00e1 a ser parte de dicho Instituto, dicho acuerdo violenta los derechos de este nivel educativo\u201d.<\/p>\n\n\n\n<p>El mismo rechazo emiti\u00f3 para la diputada federal por Oaxaca, Irma Juan Carlos, del Partido Morena, tambi\u00e9n por respaldar dicha iniciativa, que pretende transferir el nivel de educaci\u00f3n ind\u00edgena de la SEP al INPI.&nbsp;<\/p>\n\n\n\n<p>La Asamblea Estatal inici\u00f3 la tarde del pasado s\u00e1bado y culmin\u00f3 la madrugada del domingo 30 de abril, en que se alcanzaron diversos acuerdos, entre ellos fortalecer la lucha y brindar todo el respaldo al nivel de educaci\u00f3n ind\u00edgena por la pretensi\u00f3n del Presidente Andr\u00e9s Manuel L\u00f3pez Obrador y del Poder Legislativo federal en contra de ese sector.<\/p>\n\n\n\n<p>Adem\u00e1s, que una vez que la C\u00e1mara de Diputados federal inicie con el an\u00e1lisis de las reformas referidas al nivel ind\u00edgena, se inicie una movilizaci\u00f3n masiva en la ciudad de M\u00e9xico.<\/p>\n\n\n\n<p>Entre otros puntos, convino tambi\u00e9n en seguir brindando todo el respaldo a los egresados de escuelas Normales de Oaxaca, para que a la brevedad se concrete la asignaci\u00f3n de una plaza de docente.<\/p>\n\n\n\n<p>Aval\u00f3 el pliego petitorio \u2014entregado ayer al gobernador Salom\u00f3n Jara Cruz\u2014 y el lapso del 8 al 12 de mayo para que el magisterio a trav\u00e9s de sus diversos sectores acuerde aprobar o rechazar las respuestas que d\u00e9 el gobierno estatal.<\/p>\n\n\n\n<p>Igualmente, que en la marcha del pr\u00f3ximo 15 de mayo, D\u00eda del Maestro, se movilice en la capital del estado el 80 por ciento de la membres\u00eda, mientras que el resto lo har\u00e1 en la capital del pa\u00eds.<\/p>\n\n\n\n<p>Aqu\u00ed el enlace de los acuerdos:<\/p>\n\n\n\n<figure class=\"wp-block-embed is-type-wp-embed is-provider-centro-de-comunicacion-social-de-la-seccion-xxii wp-block-embed-centro-de-comunicacion-social-de-la-seccion-xxii\"><div class=\"wp-block-embed__wrapper\">\n<blockquote class=\"wp-embedded-content\" data-secret=\"cupsaKDRah\"><a href=\"https:\/\/www.cencos22oaxaca.org\/acuerdos-asamblea-estatal\/acuerdos-tareas-pronunciamientos-y-plan-de-accion-emanados-de-la-asamblea-estatal-celebrada-el-dia-sabado-29-de-abril-de-2023\/\">ACUERDOS, TAREAS, PRONUNCIAMIENTOS Y PLAN DE ACCI\u00d3N EMANADOS DE LA ASAMBLEA  ESTATAL CELEBRADA EL D\u00cdA S\u00c1BADO 29 DE ABRIL DE 2023<\/a><\/blockquote><iframe class=\"wp-embedded-content\" sandbox=\"allow-scripts\" security=\"restricted\" style=\"position: absolute; clip: rect(1px, 1px, 1px, 1px);\" title=\"\u00abACUERDOS, TAREAS, PRONUNCIAMIENTOS Y PLAN DE ACCI\u00d3N EMANADOS DE LA ASAMBLEA  ESTATAL CELEBRADA EL D\u00cdA S\u00c1BADO 29 DE ABRIL DE 2023\u00bb \u2014 Centro de Comunicaci\u00f3n Social de la Secci\u00f3n XXII\" src=\"https:\/\/www.cencos22oaxaca.org\/acuerdos-asamblea-estatal\/acuerdos-tareas-pronunciamientos-y-plan-de-accion-emanados-de-la-asamblea-estatal-celebrada-el-dia-sabado-29-de-abril-de-2023\/embed\/#?secret=SPnIKBjb7P#?secret=cupsaKDRah\" data-secret=\"cupsaKDRah\" width=\"600\" height=\"338\" frameborder=\"0\" marginwidth=\"0\" marginheight=\"0\" scrolling=\"no\"><\/iframe>\n<\/div><\/figure>\n","protected":false},"excerpt":{"rendered":"<p>Ismael Garc\u00eda M.\/Zona Roja. Oaxaca de Ju\u00e1rez, Oax., a 2 de mayo de 2023.- La&hellip;<\/p>\n","protected":false},"author":2,"featured_media":54829,"comment_status":"closed","ping_status":"open","sticky":false,"template":"","format":"standard","meta":{"_lmt_disableupdate":"","_lmt_disable":"","_jetpack_memberships_contains_paid_content":false,"footnotes":""},"categories":[109,47],"tags":[312],"class_list":["post-54827","post","type-post","status-publish","format-standard","has-post-thumbnail","hentry","category-minuto-a-minuto","category-zona-gris","tag-seccion-22-del-snte"],"jetpack_featured_media_url":"https:\/\/zonaroja.com.mx\/wp-content\/uploads\/2023\/05\/Asamblea-Estatal-Seccion-22.jpeg","jetpack_sharing_enabled":true,"_links":{"self":[{"href":"https:\/\/zonaroja.com.mx\/index.php?rest_route=\/wp\/v2\/posts\/54827","targetHints":{"allow":["GET"]}}],"collection":[{"href":"https:\/\/zonaroja.com.mx\/index.php?rest_route=\/wp\/v2\/posts"}],"about":[{"href":"https:\/\/zonaroja.com.mx\/index.php?rest_route=\/wp\/v2\/types\/post"}],"author":[{"embeddable":true,"href":"https:\/\/zonaroja.com.mx\/index.php?rest_route=\/wp\/v2\/users\/2"}],"replies":[{"embeddable":true,"href":"https:\/\/zonaroja.com.mx\/index.php?rest_route=%2Fwp%2Fv2%2Fcomments&post=54827"}],"version-history":[{"count":1,"href":"https:\/\/zonaroja.com.mx\/index.php?rest_route=\/wp\/v2\/posts\/54827\/revisions"}],"predecessor-version":[{"id":54830,"href":"https:\/\/zonaroja.com.mx\/index.php?rest_route=\/wp\/v2\/posts\/54827\/revisions\/54830"}],"wp:featuredmedia":[{"embeddable":true,"href":"https:\/\/zonaroja.com.mx\/index.php?rest_route=\/wp\/v2\/media\/54829"}],"wp:attachment":[{"href":"https:\/\/zonaroja.com.mx\/index.php?rest_route=%2Fwp%2Fv2%2Fmedia&parent=54827"}],"wp:term":[{"taxonomy":"category","embeddable":true,"href":"https:\/\/zonaroja.com.mx\/index.php?rest_route=%2Fwp%2Fv2%2Fcategories&post=54827"},{"taxonomy":"post_tag","embeddable":true,"href":"https:\/\/zonaroja.com.mx\/index.php?rest_route=%2Fwp%2Fv2%2Ftags&post=54827"}],"curies":[{"name":"wp","href":"https:\/\/api.w.org\/{rel}","templated":true}]}}