{"id":54834,"date":"2023-05-02T19:50:19","date_gmt":"2023-05-03T00:50:19","guid":{"rendered":"http:\/\/www.zonaroja.com.mx\/?p=54834"},"modified":"2023-05-02T19:50:23","modified_gmt":"2023-05-03T00:50:23","slug":"otro-ejecutado-a-balazos-en-el-istmo-ahora-en-mixtequilla","status":"publish","type":"post","link":"https:\/\/zonaroja.com.mx\/?p=54834","title":{"rendered":"Otro ejecutado a balazos en el Istmo, ahora en Mixtequilla"},"content":{"rendered":"\n<p>Redacci\u00f3n\/Zona Roja.<\/p>\n\n\n\n<p>Oaxaca de Ju\u00e1rez, Oax., a 2 de mayo de 2023.- Una persona del sexo masculino que viajaba a bordo de un veh\u00edculo fue acribillado y asesinado por disparos de arma de fuego, al parecer de arma larga.<\/p>\n\n\n\n<p>El cuerpo fue localizado la ma\u00f1ana de este martes en el camino que conduce de San Luis Rey, Santo Domingo Tehuantepec, a Santa Mar\u00eda Mixtequilla, jurisdicci\u00f3n de este \u00faltimo municipio.<\/p>\n\n\n\n<p>En el lugar, las corporaciones policiacas hallaron una camioneta de color negra, marca Toyota, con placas de circulaci\u00f3n XU-73945, y en el interior el cuerpo de un individuo, hasta ahora no identificado.<\/p>\n\n\n\n<p>Personal de la Vicefiscal\u00eda Regional del Istmo inici\u00f3 con la Carpeta de Investigaci\u00f3n correspondiente y hasta ahora se ignora qui\u00e9n o qui\u00e9nes lo ultimaron a balazos.<\/p>\n\n\n\n<p>Por otra parte, propietarios de un restaurante ubicado en el municipio de Salina Cruz denunciaron un caso de extorsi\u00f3n.<\/p>\n\n\n\n<p>Cuerpos policiacos acudieron al establecimiento ubicado en la avenida Manuel \u00c1vila Camacho, barrio El Espinal, pero ya no hallaron a los supuestos maleantes y \u00fanicamente tomaron la declaraci\u00f3n de los afectados.<\/p>\n","protected":false},"excerpt":{"rendered":"<p>Redacci\u00f3n\/Zona Roja. Oaxaca de Ju\u00e1rez, Oax., a 2 de mayo de 2023.- Una persona del&hellip;<\/p>\n","protected":false},"author":2,"featured_media":54835,"comment_status":"closed","ping_status":"open","sticky":false,"template":"","format":"standard","meta":{"_lmt_disableupdate":"","_lmt_disable":"","_jetpack_memberships_contains_paid_content":false,"footnotes":""},"categories":[109,51],"tags":[2138],"class_list":["post-54834","post","type-post","status-publish","format-standard","has-post-thumbnail","hentry","category-minuto-a-minuto","category-zona-roja","tag-santa-maria-mixtequilla"],"jetpack_featured_media_url":"https:\/\/zonaroja.com.mx\/wp-content\/uploads\/2023\/05\/Acribillado-Santa-Maria-Mixtequilla.jpg","jetpack_sharing_enabled":true,"_links":{"self":[{"href":"https:\/\/zonaroja.com.mx\/index.php?rest_route=\/wp\/v2\/posts\/54834","targetHints":{"allow":["GET"]}}],"collection":[{"href":"https:\/\/zonaroja.com.mx\/index.php?rest_route=\/wp\/v2\/posts"}],"about":[{"href":"https:\/\/zonaroja.com.mx\/index.php?rest_route=\/wp\/v2\/types\/post"}],"author":[{"embeddable":true,"href":"https:\/\/zonaroja.com.mx\/index.php?rest_route=\/wp\/v2\/users\/2"}],"replies":[{"embeddable":true,"href":"https:\/\/zonaroja.com.mx\/index.php?rest_route=%2Fwp%2Fv2%2Fcomments&post=54834"}],"version-history":[{"count":1,"href":"https:\/\/zonaroja.com.mx\/index.php?rest_route=\/wp\/v2\/posts\/54834\/revisions"}],"predecessor-version":[{"id":54836,"href":"https:\/\/zonaroja.com.mx\/index.php?rest_route=\/wp\/v2\/posts\/54834\/revisions\/54836"}],"wp:featuredmedia":[{"embeddable":true,"href":"https:\/\/zonaroja.com.mx\/index.php?rest_route=\/wp\/v2\/media\/54835"}],"wp:attachment":[{"href":"https:\/\/zonaroja.com.mx\/index.php?rest_route=%2Fwp%2Fv2%2Fmedia&parent=54834"}],"wp:term":[{"taxonomy":"category","embeddable":true,"href":"https:\/\/zonaroja.com.mx\/index.php?rest_route=%2Fwp%2Fv2%2Fcategories&post=54834"},{"taxonomy":"post_tag","embeddable":true,"href":"https:\/\/zonaroja.com.mx\/index.php?rest_route=%2Fwp%2Fv2%2Ftags&post=54834"}],"curies":[{"name":"wp","href":"https:\/\/api.w.org\/{rel}","templated":true}]}}