{"id":54837,"date":"2023-05-02T20:40:09","date_gmt":"2023-05-03T01:40:09","guid":{"rendered":"http:\/\/www.zonaroja.com.mx\/?p=54837"},"modified":"2023-05-02T23:07:17","modified_gmt":"2023-05-03T04:07:17","slug":"sigue-omisa-seguridad-publica-a-violencia-en-amoltepec-y-a-exigencia-de-la-s-22","status":"publish","type":"post","link":"https:\/\/zonaroja.com.mx\/?p=54837","title":{"rendered":"Sigue omisa Seguridad P\u00fablica a violencia en Amoltepec y a exigencia de la S-22"},"content":{"rendered":"\n<p>Yuridiana Sosa\/Zona Roja<\/p>\n\n\n\n<p>Oaxaca de Ju\u00e1rez, Oax., a 2 de mayo de 2023.- A m\u00e1s de dos semanas de denunciar hechos violentos y la grave inseguridad que se vive en Santiago Amoltepec, la Secretar\u00eda de Seguridad y Protecci\u00f3n Ciudadana de Oaxaca se mantiene omisa en ofrecer seguridad a la poblaci\u00f3n, asever\u00f3 la Secci\u00f3n 22 del SNTE.&nbsp;<\/p>\n\n\n\n<p>En conferencia de prensa, el magisterio volvi\u00f3 a exhibir la falta de respuestas del gobierno de Oaxaca en materia de seguridad, por lo que llam\u00f3 al gobierno federal coadyuvar con la presencia de la Guardia Nacional, misma hasta ahora tampoco ha hecho presencia en dicho municipio de la Sierra Sur.<\/p>\n\n\n\n<p>Son m\u00e1s de cuatro mil 500 alumnos afectados sin clases y m\u00e1s de 250 profesores que dejaron de asistir a sus escuelas, en todos los niveles educativos, ante la falta de garant\u00edas para realizar su labor.<\/p>\n\n\n\n<p>Pues en los \u00faltimos meses los hechos violentos han dejado un saldo de cuatro profesores asesinados en Amoltepec, por lo que no regresar\u00e1n a las aulas hasta que no se garantice ese derecho.<\/p>\n\n\n\n<p>Integrantes del Comit\u00e9 Ejecutivo Seccional, encabezados por la secretaria de Finanzas y en lace del nivel de Educaci\u00f3n Ind\u00edgena, Noelis Velasco, as\u00ed como  representantes de esa zona escolar, apuntaron que desde hace dos semanas que tuvieron una mesa de di\u00e1logo con el gobierno del estado, tras denunciar los hechos,  no han tenido m\u00e1s respuestas a su petici\u00f3n de seguridad.<\/p>\n\n\n\n<p>Por el contrario, apuntaron, &nbsp;la comunicaci\u00f3n es m\u00ednima, pues en la que la Secretar\u00eda de Seguridad se limita a indicar a que se comuniquen despu\u00e9s para dar respuesta, sin que cumpla.<\/p>\n\n\n\n<p>El magisterio reiter\u00f3 su advertencia a realizar movilizaciones para exigir atenci\u00f3n a su demanda.<\/p>\n\n\n\n<figure class=\"wp-block-embed is-type-rich is-provider-twitter wp-block-embed-twitter\"><div class=\"wp-block-embed__wrapper\">\n<div class=\"twitter-tweet\"><blockquote class=\"twitter-tweet\" data-lang=\"es\"><p lang=\"es\" dir=\"ltr\"><a href=\"https:\/\/twitter.com\/hashtag\/ENVIVO?src=hash&amp;ref_src=twsrc%5Etfw\">#ENVIVO<\/a><br>Oaxaca de Ju\u00e1rez, Oax., a 2 de mayo de 2023.- Conferencia de prensa de  integrantes de la Secci\u00f3n 22 del SNTE de Santiago <a href=\"https:\/\/twitter.com\/hashtag\/Amoltepec?src=hash&amp;ref_src=twsrc%5Etfw\">#Amoltepec<\/a>, que denuncian la falta de respuesta del <a href=\"https:\/\/twitter.com\/GobOax?ref_src=twsrc%5Etfw\">@goboax<\/a> <a href=\"https:\/\/twitter.com\/SSPC_GobOax?ref_src=twsrc%5Etfw\">@SSPC_GobOax<\/a> en materia de seguridad.<br>Transmisi\u00f3n \ud83d\udc47<a href=\"https:\/\/t.co\/Y5yfyuvya2\">https:\/\/t.co\/Y5yfyuvya2<\/a> <a href=\"https:\/\/t.co\/Mst30kyLjD\">pic.twitter.com\/Mst30kyLjD<\/a><\/p>&mdash; Zona Roja Oaxaca (@ZonaRoja_Oaxaca) <a href=\"https:\/\/twitter.com\/ZonaRoja_Oaxaca\/status\/1653496384845389825?ref_src=twsrc%5Etfw\">2 de mayo de 2023<\/a><\/blockquote><\/div>\n<\/div><\/figure>\n","protected":false},"excerpt":{"rendered":"<p>Yuridiana Sosa\/Zona Roja Oaxaca de Ju\u00e1rez, Oax., a 2 de mayo de 2023.- A m\u00e1s&hellip;<\/p>\n","protected":false},"author":2,"featured_media":54838,"comment_status":"closed","ping_status":"open","sticky":false,"template":"","format":"standard","meta":{"_lmt_disableupdate":"","_lmt_disable":"","_jetpack_memberships_contains_paid_content":false,"footnotes":""},"categories":[109,47],"tags":[860,312],"class_list":["post-54837","post","type-post","status-publish","format-standard","has-post-thumbnail","hentry","category-minuto-a-minuto","category-zona-gris","tag-santiago-amoltepec","tag-seccion-22-del-snte"],"jetpack_featured_media_url":"https:\/\/zonaroja.com.mx\/wp-content\/uploads\/2023\/05\/Conferencia-Seccion-22-Amoltepec.jpg","jetpack_sharing_enabled":true,"_links":{"self":[{"href":"https:\/\/zonaroja.com.mx\/index.php?rest_route=\/wp\/v2\/posts\/54837","targetHints":{"allow":["GET"]}}],"collection":[{"href":"https:\/\/zonaroja.com.mx\/index.php?rest_route=\/wp\/v2\/posts"}],"about":[{"href":"https:\/\/zonaroja.com.mx\/index.php?rest_route=\/wp\/v2\/types\/post"}],"author":[{"embeddable":true,"href":"https:\/\/zonaroja.com.mx\/index.php?rest_route=\/wp\/v2\/users\/2"}],"replies":[{"embeddable":true,"href":"https:\/\/zonaroja.com.mx\/index.php?rest_route=%2Fwp%2Fv2%2Fcomments&post=54837"}],"version-history":[{"count":3,"href":"https:\/\/zonaroja.com.mx\/index.php?rest_route=\/wp\/v2\/posts\/54837\/revisions"}],"predecessor-version":[{"id":54846,"href":"https:\/\/zonaroja.com.mx\/index.php?rest_route=\/wp\/v2\/posts\/54837\/revisions\/54846"}],"wp:featuredmedia":[{"embeddable":true,"href":"https:\/\/zonaroja.com.mx\/index.php?rest_route=\/wp\/v2\/media\/54838"}],"wp:attachment":[{"href":"https:\/\/zonaroja.com.mx\/index.php?rest_route=%2Fwp%2Fv2%2Fmedia&parent=54837"}],"wp:term":[{"taxonomy":"category","embeddable":true,"href":"https:\/\/zonaroja.com.mx\/index.php?rest_route=%2Fwp%2Fv2%2Fcategories&post=54837"},{"taxonomy":"post_tag","embeddable":true,"href":"https:\/\/zonaroja.com.mx\/index.php?rest_route=%2Fwp%2Fv2%2Ftags&post=54837"}],"curies":[{"name":"wp","href":"https:\/\/api.w.org\/{rel}","templated":true}]}}