{"id":54840,"date":"2023-05-02T20:44:40","date_gmt":"2023-05-03T01:44:40","guid":{"rendered":"http:\/\/www.zonaroja.com.mx\/?p=54840"},"modified":"2023-05-02T20:44:44","modified_gmt":"2023-05-03T01:44:44","slug":"opinion-bandolerismo-politico","status":"publish","type":"post","link":"https:\/\/zonaroja.com.mx\/?p=54840","title":{"rendered":"Opini\u00f3n. Bandolerismo pol\u00edtico"},"content":{"rendered":"\n<p>N\u00e9stor Y. S\u00e1nchez Islas<\/p>\n\n\n\n<p>Qu\u00e9 caro le est\u00e1n costando al pa\u00eds los tr\u00e1nsfugas. Ser tomado en cuenta por el presidente los lleva a doblarse sin ning\u00fan decoro. La destrucci\u00f3n institucional del pa\u00eds est\u00e1 en marcha.<\/p>\n\n\n\n<p>Tanto en la pol\u00edtica como en el ejercicio del gobierno la norma es la traici\u00f3n. Los tr\u00e1nsfugas son, por tanto, naturales en ese mundo. Pero mudarse de un partido a otro no es necesariamente malo, es parte de la batalla por la obtenci\u00f3n del poder y, por ello mismo, es rentable, que es finalmente lo que&nbsp;buscan.<\/p>\n\n\n\n<p>En el actual momento pol\u00edtico no importa la \u00e9tica, la moral o la capacidad. Para ser tomado en cuenta por el l\u00edder solo es necesario tener lealtad ciega y abjurar, si as\u00ed lo amerita la circunstancia, de ideolog\u00edas o principios.<\/p>\n\n\n\n<p>El partido Morena est\u00e1 integrado por tr\u00e1nsfugas, la mayor\u00eda de ellos tiene su origen en el viejo PRI, al que nos est\u00e1n llevando de vuelta con este sistema de partido hegem\u00f3nico y absolutamente pragm\u00e1tico alrededor de los&nbsp;caprichos&nbsp;presidenciales.&nbsp;<\/p>\n\n\n\n<p>Para ser parte de ellos se&nbsp;podr\u00eda&nbsp;ser el mejor de los dem\u00f3cratas, el m\u00e1s rancio liberal o un pillo absoluto. No importa, al integrarse al partido los pecados del pasado son perdonados.<\/p>\n\n\n\n<p>Hoy, como en casi todo el siglo pasado, la disciplina partidista gira en torno a un presidente&nbsp;imperial. \u00c9l lo es todo y los otros poderes del Estado deber\u00e1n estar sometidos a sus \u00f3rdenes.&nbsp;Se considera&nbsp;justo, por tanto, \u00e9l se erige como la Ley. Mientras \u00e9l tenga&nbsp;la verdad nadie se atrever\u00e1 a contradecirlo, habr\u00e1 unidad, disciplina y lealtad.<\/p>\n\n\n\n<p>El transfuguismo da paso al bandolerismo pol\u00edtico. No se trata de servir, se trata de un riesgo calculado que, de salir como lo planeado, los llevar\u00e1 al poder.&nbsp;Ya no&nbsp;importa&nbsp;abjurar&nbsp;del r\u00e9gimen&nbsp;que ellos mismos&nbsp;crearon, lo importante es sumarse,&nbsp;incrustarse en el nuevo&nbsp;y vivir del erario.<\/p>\n\n\n\n<p>Ser tr\u00e1nsfuga tuvo aceptaci\u00f3n. Se trataba, en 1988, de romper con el viejo r\u00e9gimen antidemocr\u00e1tico y autoritario, la gente lo aceptaba y lo apoyaba. Entre ellos estuvieron Cuauht\u00e9moc C\u00e1rdenas y Porfirio Mu\u00f1oz Ledo.&nbsp;<\/p>\n\n\n\n<p>El transfuguismo actual&nbsp;tiene&nbsp;profundo rechazo de la gente, las redes y la prensa por sus excesos y el grado de incongruencia de quienes hoy practican unos principios y ma\u00f1ana otros.<\/p>\n\n\n\n<p>Esta falta de principios nos tiene a un paso de volver al pasado autoritario. En apenas unas horas, siguiendo las \u00f3rdenes del presidente, los diputados desaparecieron la Financiera Rural y con ella m\u00e1s de 8 mil millones de pesos. El Insabi tambi\u00e9n fue eliminado junto con 500 mil millones. El Consejo de Salubridad Genera tambi\u00e9n,&nbsp;para dejarlo&nbsp;en manos del Dr. Gatell.&nbsp;<\/p>\n\n\n\n<p>Se militariza el espacio a\u00e9reo, el tren maya y los ingresos&nbsp;del Fonatur. Se elimina al Conacyt y se crea una ley de ciencia antineoliberal, lo que sea que ello signifique. Y para los deudores del Fovissste, los diputados les regalaron a&nbsp;sus&nbsp;acreedores la facilidad de cobrarse a lo chino.<\/p>\n\n\n\n<p>El tema del INAI es grave. No solo se trata del \u00f3rgano de transparencia que nos permite conocer la informaci\u00f3n del gobierno, sino que es la materializaci\u00f3n de un&nbsp;derecho constitucional: el derecho a la informaci\u00f3n. Desaparecer el INAI es quitarnos un derecho constitucional.<\/p>\n\n\n\n<p>Quien apenas hace un sexenio celebraba haber derrotado a la izquierda populista gracias a la victoria de Enrique Pe\u00f1a Nieto, Alejandro Armenta, hoy es el rostro visible del intento de acabar con el organismo que nos garantiza la transparencia gubernamental.&nbsp;<\/p>\n\n\n\n<p>Quien tuvo una&nbsp;destacada&nbsp;carrera en la Suprema Corte de Justicia, Arturo Zald\u00edvar, hoy defiende la militarizaci\u00f3n a la que se opuso apenas en 2018. Estos dos personajes no son ejemplo de tr\u00e1nsfugas sino de algo que podr\u00eda llamarse metamorfosis inversa: transitar&nbsp;de mariposa&nbsp;a&nbsp;gusano. Y as\u00ed como ellos, cientos de personajes de mucho menor perfil practican&nbsp;la metamorfosis&nbsp;sin la menor pena.<\/p>\n\n\n\n<p>M\u00e1s que el ejercicio pol\u00edtico, todos estos que han traicionado sus propias palabras son los constructores del nuevo autoritarismo en su af\u00e1n de amasar riqueza personal. Juegan con fuego, el Frankenstein que est\u00e1n construyendo puede volverse en su contra en el momento que se atrevan a pensar y hablar por s\u00ed mismos. Los radicales no perdonan, y en el palacio nacional tenemos uno.<\/p>\n\n\n\n<p>DONAJ\u00cd&nbsp;Y&nbsp;MAR\u00cdA<\/p>\n\n\n\n<p>Dejando de lado que el escudo de&nbsp;nuestra&nbsp;capital es la cabeza de una mujer decapitada hay algo&nbsp;que pocos observan.<\/p>\n\n\n\n<p>Dice la leyenda que en el o\u00eddo de Donaj\u00ed creci\u00f3 un lirio, azucena o flor de lis. Es una leyenda ind\u00edgena, anterior a la llegada del cristianismo. Sin embargo, el lirio o azucena es un s\u00edmbolo mariano, es decir, un s\u00edmbolo de la&nbsp;Virgen Mar\u00eda.&nbsp;\u00bfSab\u00edan los&nbsp;indios&nbsp;de esta simbolismo?&nbsp;<\/p>\n\n\n\n<p>El lirio es un s\u00edmbolo de la anunciaci\u00f3n y la resurrecci\u00f3n. Simboliza la pureza de Mar\u00eda, virgen antes, durante y despu\u00e9s del parto.<\/p>\n\n\n\n<p>\u00bfEn qu\u00e9 momento se dio este&nbsp;encuentro&nbsp;entre una leyenda ind\u00edgena y el simbolismo cristiano?&nbsp;\u00bfQu\u00e9 mensaje y ense\u00f1anza quiere transmitirnos esta representaci\u00f3n?&nbsp;El aniversario de nuestra capital es pretexto para pensarlo.<\/p>\n\n\n\n<p>nestoryuri@yahoo.com<\/p>\n","protected":false},"excerpt":{"rendered":"<p>N\u00e9stor Y. S\u00e1nchez Islas Qu\u00e9 caro le est\u00e1n costando al pa\u00eds los tr\u00e1nsfugas. Ser tomado&hellip;<\/p>\n","protected":false},"author":2,"featured_media":41861,"comment_status":"closed","ping_status":"open","sticky":false,"template":"","format":"standard","meta":{"_lmt_disableupdate":"","_lmt_disable":"","_jetpack_memberships_contains_paid_content":false,"footnotes":""},"categories":[456,109],"tags":[3050],"class_list":["post-54840","post","type-post","status-publish","format-standard","has-post-thumbnail","hentry","category-columna","category-minuto-a-minuto","tag-nestor-yuri-sanchez"],"jetpack_featured_media_url":"https:\/\/zonaroja.com.mx\/wp-content\/uploads\/2022\/05\/Opinion-Nestor-Yuri-Sanchez-Islas.jpg","jetpack_sharing_enabled":true,"_links":{"self":[{"href":"https:\/\/zonaroja.com.mx\/index.php?rest_route=\/wp\/v2\/posts\/54840","targetHints":{"allow":["GET"]}}],"collection":[{"href":"https:\/\/zonaroja.com.mx\/index.php?rest_route=\/wp\/v2\/posts"}],"about":[{"href":"https:\/\/zonaroja.com.mx\/index.php?rest_route=\/wp\/v2\/types\/post"}],"author":[{"embeddable":true,"href":"https:\/\/zonaroja.com.mx\/index.php?rest_route=\/wp\/v2\/users\/2"}],"replies":[{"embeddable":true,"href":"https:\/\/zonaroja.com.mx\/index.php?rest_route=%2Fwp%2Fv2%2Fcomments&post=54840"}],"version-history":[{"count":1,"href":"https:\/\/zonaroja.com.mx\/index.php?rest_route=\/wp\/v2\/posts\/54840\/revisions"}],"predecessor-version":[{"id":54841,"href":"https:\/\/zonaroja.com.mx\/index.php?rest_route=\/wp\/v2\/posts\/54840\/revisions\/54841"}],"wp:featuredmedia":[{"embeddable":true,"href":"https:\/\/zonaroja.com.mx\/index.php?rest_route=\/wp\/v2\/media\/41861"}],"wp:attachment":[{"href":"https:\/\/zonaroja.com.mx\/index.php?rest_route=%2Fwp%2Fv2%2Fmedia&parent=54840"}],"wp:term":[{"taxonomy":"category","embeddable":true,"href":"https:\/\/zonaroja.com.mx\/index.php?rest_route=%2Fwp%2Fv2%2Fcategories&post=54840"},{"taxonomy":"post_tag","embeddable":true,"href":"https:\/\/zonaroja.com.mx\/index.php?rest_route=%2Fwp%2Fv2%2Ftags&post=54840"}],"curies":[{"name":"wp","href":"https:\/\/api.w.org\/{rel}","templated":true}]}}