{"id":54843,"date":"2023-05-02T23:06:03","date_gmt":"2023-05-03T04:06:03","guid":{"rendered":"http:\/\/www.zonaroja.com.mx\/?p=54843"},"modified":"2023-05-02T23:06:08","modified_gmt":"2023-05-03T04:06:08","slug":"tiene-oaxaca-laboratorio-de-genetica-molecular-segundo-en-el-pais","status":"publish","type":"post","link":"https:\/\/zonaroja.com.mx\/?p=54843","title":{"rendered":"Tiene Oaxaca Laboratorio de Gen\u00e9tica Molecular, segundo en el pa\u00eds\u00a0"},"content":{"rendered":"\n<p>Yuridiana Sosa\/Zona Roja.<\/p>\n\n\n\n<p>Oaxaca de Ju\u00e1rez, Oax., a 2 de mayo de 2023.- A fin de dar celeridad y cumplir con el derecho del acceso a la verdad biol\u00f3gica de la ni\u00f1ez oaxaque\u00f1a, el Poder Judicial del Estado inaugur\u00f3 su propio Laboratorio de Gen\u00e9tica Molecular, a trav\u00e9s del que se espera acabar a la brevedad con un rezago actual de 400 juicios de paternidad.<\/p>\n\n\n\n<p>El titular del Poder Judicial de Oaxaca, Eduardo Pinacho S\u00e1nchez, se\u00f1al\u00f3 que con estas nuevas y modernas instalaciones se reducir\u00e1n los tiempos para el desahogo de las pruebas, que iban de un a\u00f1o y medio a dos a\u00f1os desde la toma de muestra de sangre hasta la emisi\u00f3n de un dictamen, a un solo mes o mes y medio.<\/p>\n\n\n\n<p>Explic\u00f3 que al no contar con un laboratorio propio, el Poder Judicial se apoyaba de otras instituciones como la Fiscal\u00eda General de Oaxaca, lo que generaba un retardo en la pr\u00e1ctica de la prueba y en consecuencia de los juicios de paternidad.<\/p>\n\n\n\n<p>Con la puesta en marcha de este espacio el Poder Judicial cuenta con las condiciones de enfrentar 400 juicios de paternidad pendientes.<\/p>\n\n\n\n<p>Para el funcionamiento de este Laboratorio Oaxaca, \u00fanico en su modelo de trabajo y estructura en M\u00e9xico, el Poder Judicial no s\u00f3lo dispuso de personal especializado, t\u00e9cnico y cient\u00edfico, tambi\u00e9n contar\u00e1 con un juez y secretario permanente adscrito al laboratorio para evitar el traslado de los jueces del interior del estado a la ciudad de Oaxaca para el desahogo de pruebas.<\/p>\n\n\n\n<p>Pinocho S\u00e1nchez apunt\u00f3 que un juicio de paternidad es la reinvindicaci\u00f3n de todos los derechos y obligaciones que asumiesen en la afiliaci\u00f3n.<\/p>\n\n\n\n<p>La determinaci\u00f3n de los apellidos da derechos a la identidad, alimentarios y derechos sucesorios, por lo que en estos proceso no s\u00f3lo de descubre la filiaci\u00f3n biol\u00f3gica, tambi\u00e9n la jur\u00eddica.<\/p>\n\n\n\n<figure class=\"wp-block-embed is-type-rich is-provider-twitter wp-block-embed-twitter\"><div class=\"wp-block-embed__wrapper\">\n<div class=\"twitter-tweet\"><blockquote class=\"twitter-tweet\" data-lang=\"es\"><p lang=\"es\" dir=\"ltr\">En su intervenci\u00f3n, el gobernador <a href=\"https:\/\/twitter.com\/salomonj?ref_src=twsrc%5Etfw\">@salomonj<\/a> reconoci\u00f3 la labor del Poder Judicial del Estado (<a href=\"https:\/\/twitter.com\/tsjoaxaca?ref_src=twsrc%5Etfw\">@tsjoaxaca<\/a>) y destac\u00f3 la inauguraci\u00f3n del Laboratorio de Gen\u00e9tica Molecular.<br>\u201cHoy es un d\u00eda de coincidir y hacer equipo por Oaxaca\u201d, dijo. <a href=\"https:\/\/t.co\/fDUZvIu35u\">pic.twitter.com\/fDUZvIu35u<\/a><\/p>&mdash; Zona Roja Oaxaca (@ZonaRoja_Oaxaca) <a href=\"https:\/\/twitter.com\/ZonaRoja_Oaxaca\/status\/1653553983053520896?ref_src=twsrc%5Etfw\">3 de mayo de 2023<\/a><\/blockquote><\/div>\n<\/div><\/figure>\n\n\n\n<p>SE IMPONE&nbsp;<\/p>\n\n\n\n<p>De esta manera Oaxaca destacar\u00e1 a nivel nacional por ser el segundo estado en que su Poder Judicial cuente con su propio laboratorio y equipo para dichas pruebas de ADN y es el segundo en el Sureste del pa\u00eds.&nbsp;<\/p>\n\n\n\n<p>Reducir\u00e1 de un a\u00f1o y medio a mes y medio m\u00e1ximo la emisi\u00f3n de pruebas de ADN, a fin de agilizar los juicios de paternidad.<\/p>\n\n\n\n<p>\u201cEsta obra es la prueba irrefutable de que nos estamos transformando para construir un sistema &nbsp;de justicia m\u00e1s progresista, m\u00e1s moderno, m\u00e1s eficiente, pero sobre todo m\u00e1s humano en beneficio de los sectores m\u00e1s discriminados &nbsp;y m\u00e1s desfavorecidos de Oaxaca\u201d &nbsp;indic\u00f3 el magistrado presidente.&nbsp;<\/p>\n\n\n\n<p>A\u00f1adi\u00f3 que el objetivo de las funciones p\u00fablicas debe sentarse en el respeto y el cumplimiento de los derecho humanos, sobre todo de los sectores de la poblaci\u00f3n hist\u00f3ricamente vulnerados, como son las ni\u00f1as, ni\u00f1os, mujeres, ind\u00edgenas y discapacitados.<\/p>\n\n\n\n<p>Esta obra se ejecut\u00f3 con una inversi\u00f3n de ocho millones 439 mil 614 pesos, de los que el 88.2 por ciento fueron por parte del Poder Judicial y el 11.8 por ciento del Gobierno del Estado para el inicio de la adecuaci\u00f3n del inmueble.<\/p>\n\n\n\n<p>Por su parte, el gobernador Salom\u00f3n Jara Cruz destac\u00f3 este avance logrado por el Poder Judicial, que ofrece calidad e innovaci\u00f3n a la ciudadan\u00eda, y permite a la entidad estar a la vanguardia en el pa\u00eds.<\/p>\n\n\n\n<p>\u201cHoy es un d\u00eda de coincidir y hacer equipo por Oaxaca; hoy es una jornada en que se hace patente el trabajo coordinado que realizamos los tres poderes en nuestro estado\u201d, indic\u00f3 en su mensaje.<\/p>\n\n\n\n<p>Ante su esposa Irma Bola\u00f1os, indic\u00f3 que con ello se prioriza el inter\u00e9s superior de la ni\u00f1ez; salud\u00f3 y felicit\u00f3 al magistrado del Poder Judicial, \u201cquien tiene muy claro que la innovaci\u00f3n tecnol\u00f3gica es una gran aliada de la justicia\u201d, remarc\u00f3.<\/p>\n\n\n\n<figure class=\"wp-block-embed is-type-rich is-provider-twitter wp-block-embed-twitter\"><div class=\"wp-block-embed__wrapper\">\n<div class=\"twitter-tweet\"><blockquote class=\"twitter-tweet\" data-lang=\"es\"><p lang=\"es\" dir=\"ltr\">Inauguraci\u00f3n del primer Laboratorio de Gen\u00e9tica Molecular de Oaxaca, por parte del Poder Judicial del Estado.<br>Preside el magistrado Eduardo Pinacho, con la presencia del gobernador <a href=\"https:\/\/twitter.com\/salomonj?ref_src=twsrc%5Etfw\">@salomonj<\/a>. <br>Transmisi\u00f3n \ud83d\udc47<a href=\"https:\/\/t.co\/VNkbN5xwvQ\">https:\/\/t.co\/VNkbN5xwvQ<\/a> <a href=\"https:\/\/t.co\/v21OXFudZD\">pic.twitter.com\/v21OXFudZD<\/a><\/p>&mdash; Zona Roja Oaxaca (@ZonaRoja_Oaxaca) <a href=\"https:\/\/twitter.com\/ZonaRoja_Oaxaca\/status\/1653471110346973184?ref_src=twsrc%5Etfw\">2 de mayo de 2023<\/a><\/blockquote><\/div>\n<\/div><\/figure>\n","protected":false},"excerpt":{"rendered":"<p>Yuridiana Sosa\/Zona Roja. Oaxaca de Ju\u00e1rez, Oax., a 2 de mayo de 2023.- A fin&hellip;<\/p>\n","protected":false},"author":2,"featured_media":54844,"comment_status":"closed","ping_status":"open","sticky":false,"template":"","format":"standard","meta":{"_lmt_disableupdate":"","_lmt_disable":"","_jetpack_memberships_contains_paid_content":false,"footnotes":""},"categories":[109,46],"tags":[223,939],"class_list":["post-54843","post","type-post","status-publish","format-standard","has-post-thumbnail","hentry","category-minuto-a-minuto","category-zona-blanca","tag-poder-judicial-de-oaxaca","tag-salomon-jara-cruz"],"jetpack_featured_media_url":"https:\/\/zonaroja.com.mx\/wp-content\/uploads\/2023\/05\/Laboratorio-de-Genetica-Forense-Poder-Judicial-Oaxaca.jpeg","jetpack_sharing_enabled":true,"_links":{"self":[{"href":"https:\/\/zonaroja.com.mx\/index.php?rest_route=\/wp\/v2\/posts\/54843","targetHints":{"allow":["GET"]}}],"collection":[{"href":"https:\/\/zonaroja.com.mx\/index.php?rest_route=\/wp\/v2\/posts"}],"about":[{"href":"https:\/\/zonaroja.com.mx\/index.php?rest_route=\/wp\/v2\/types\/post"}],"author":[{"embeddable":true,"href":"https:\/\/zonaroja.com.mx\/index.php?rest_route=\/wp\/v2\/users\/2"}],"replies":[{"embeddable":true,"href":"https:\/\/zonaroja.com.mx\/index.php?rest_route=%2Fwp%2Fv2%2Fcomments&post=54843"}],"version-history":[{"count":1,"href":"https:\/\/zonaroja.com.mx\/index.php?rest_route=\/wp\/v2\/posts\/54843\/revisions"}],"predecessor-version":[{"id":54845,"href":"https:\/\/zonaroja.com.mx\/index.php?rest_route=\/wp\/v2\/posts\/54843\/revisions\/54845"}],"wp:featuredmedia":[{"embeddable":true,"href":"https:\/\/zonaroja.com.mx\/index.php?rest_route=\/wp\/v2\/media\/54844"}],"wp:attachment":[{"href":"https:\/\/zonaroja.com.mx\/index.php?rest_route=%2Fwp%2Fv2%2Fmedia&parent=54843"}],"wp:term":[{"taxonomy":"category","embeddable":true,"href":"https:\/\/zonaroja.com.mx\/index.php?rest_route=%2Fwp%2Fv2%2Fcategories&post=54843"},{"taxonomy":"post_tag","embeddable":true,"href":"https:\/\/zonaroja.com.mx\/index.php?rest_route=%2Fwp%2Fv2%2Ftags&post=54843"}],"curies":[{"name":"wp","href":"https:\/\/api.w.org\/{rel}","templated":true}]}}