{"id":54853,"date":"2023-05-03T10:30:00","date_gmt":"2023-05-03T15:30:00","guid":{"rendered":"http:\/\/www.zonaroja.com.mx\/?p=54853"},"modified":"2023-05-03T08:31:09","modified_gmt":"2023-05-03T13:31:09","slug":"pide-senado-a-salomon-jara-que-rompa-pacto-patriarcal-y-castigue-violencia-vs-mujeres","status":"publish","type":"post","link":"https:\/\/zonaroja.com.mx\/?p=54853","title":{"rendered":"Pide Senado a Salom\u00f3n Jara que rompa pacto patriarcal y castigue violencia vs. mujeres"},"content":{"rendered":"\n<p>Ismael Garc\u00eda M.\/Zona Roja.<\/p>\n\n\n\n<p>Oaxaca de Ju\u00e1rez, Oax., a 3 de mayo de 2023.- Integrantes del Senado de la Rep\u00fablica piden al gobernador de Oaxaca, Salom\u00f3n Jara Cruz, romper con el pacto patriarcal, castigar a violentadores de mujeres desde su gabinete e indagar y en su caso sancionar al o los responsables.<\/p>\n\n\n\n<p>La proposici\u00f3n con Punto de Acuerdo es de las representantes populares X\u00f3chitl G\u00e1lvez Ruiz, Kenia L\u00f3pez Rabad\u00e1n, Susana Harp Iturribarr\u00eda y Patricia Mercado \u2014en referencia al funcionario Donato Vargas Jim\u00e9nez\u2014, misma que fue turnada a la comisi\u00f3n respectiva, para el dictamen correspondiente, que ser\u00e1 presentado al pleno.<\/p>\n\n\n\n<p>El pleno del Senado de la Rep\u00fablica exhorta respetuosamente al gobernador del estado de Oaxaca para que rompa el pacto patriarcal y ordene una investigaci\u00f3n administrativa y sancione a los servidores p\u00fablicos que participen en acciones de violencia f\u00edsica, verbal, de g\u00e9nero, familiar, acoso sexual, digital y patrimonial en contra de mujeres.<\/p>\n\n\n\n<p>\u201cEn especial, en los casos de participantes de chats de WhatsApp en los que se compartan fotos de mujeres ind\u00edgenas, as\u00ed como para que instruya a que en todas las dependencias y entidades del gobierno estatal se capacite y sensibilice a los servidores p\u00fablicos en materia de g\u00e9nero y de prevenci\u00f3n de violencia de g\u00e9nero\u201d, es el planteamiento, presentado el pasado 26 de abril.<\/p>\n\n\n\n<p>Adem\u00e1s, propone exhortar respetuosamente a la Fiscal\u00eda General del Estado de Oaxaca, para que, con la debida diligencia, priorice la investigaci\u00f3n de hechos de violencia digital en agravio de mujeres ind\u00edgenas, otorgando adem\u00e1s, tal y como lo establece la legislaci\u00f3n, un trato digno, humano, c\u00e1lido y respetuoso de los derechos humanos, a las v\u00edctimas de estos delitos, sin revictimizaci\u00f3n.<\/p>\n\n\n\n<p>As\u00ed como para que otorgue las medidas de protecci\u00f3n en favor de las v\u00edctimas que sean necesarias, garantizando el derecho de acceso a la justicia, la verdad y la reparaci\u00f3n integral del da\u00f1o.<\/p>\n\n\n\n<p>De la misma manera, se plantea exhortar a la Comisi\u00f3n Nacional para Prevenir y Erradicar la Violencia contra las Mujeres, para que brinde la atenci\u00f3n y el acompa\u00f1amiento en coordinaci\u00f3n con las instancias competentes del estado de Oaxaca, a las v\u00edctimas y mujeres ind\u00edgenas mixes que se encuentran relacionadas con los hechos de violencia de g\u00e9nero y digital que motivan esta proposici\u00f3n.<\/p>\n\n\n\n<p>Tambi\u00e9n, que la Comisi\u00f3n Ejecutiva Estatal de Atenci\u00f3n Integral a V\u00edctimas del Estado de Oaxaca, garantice los derechos humanos y procesales de las v\u00edctimas de violencia de g\u00e9nero y digital que han denunciado la existencia de chats de WhatsApp en los que se comparten fotograf\u00edas de mujeres, especialmente de mujeres ind\u00edgenas Mixes, a trav\u00e9s de la atenci\u00f3n psicol\u00f3gica y asesor\u00eda jur\u00eddica, as\u00ed como mediante su inscripci\u00f3n en el Registro Estatal de V\u00edctimas y el otorgamiento de una reparaci\u00f3n integral del da\u00f1o.<\/p>\n\n\n\n<p>Igualmente, que la Defensor\u00eda de los Derechos Humanos del Pueblo de Oaxaca, lleve a cabo las investigaciones que sean conducentes; les reconozca la calidad de v\u00edctima a las mujeres violentadas por las conductas de los servidores p\u00fablicos que sean parte de la red de chats mis\u00f3ginos que se han denunciado por varias activistas y para que se dicten las medidas cautelares que sean necesarias.<\/p>\n","protected":false},"excerpt":{"rendered":"<p>Ismael Garc\u00eda M.\/Zona Roja. Oaxaca de Ju\u00e1rez, Oax., a 3 de mayo de 2023.- Integrantes&hellip;<\/p>\n","protected":false},"author":2,"featured_media":54855,"comment_status":"closed","ping_status":"open","sticky":false,"template":"","format":"standard","meta":{"_lmt_disableupdate":"","_lmt_disable":"","_jetpack_memberships_contains_paid_content":false,"footnotes":""},"categories":[109,47],"tags":[939],"class_list":["post-54853","post","type-post","status-publish","format-standard","has-post-thumbnail","hentry","category-minuto-a-minuto","category-zona-gris","tag-salomon-jara-cruz"],"jetpack_featured_media_url":"https:\/\/zonaroja.com.mx\/wp-content\/uploads\/2023\/05\/Propuesta-senadoras-caso-Donato-Vargas.jpg","jetpack_sharing_enabled":true,"_links":{"self":[{"href":"https:\/\/zonaroja.com.mx\/index.php?rest_route=\/wp\/v2\/posts\/54853","targetHints":{"allow":["GET"]}}],"collection":[{"href":"https:\/\/zonaroja.com.mx\/index.php?rest_route=\/wp\/v2\/posts"}],"about":[{"href":"https:\/\/zonaroja.com.mx\/index.php?rest_route=\/wp\/v2\/types\/post"}],"author":[{"embeddable":true,"href":"https:\/\/zonaroja.com.mx\/index.php?rest_route=\/wp\/v2\/users\/2"}],"replies":[{"embeddable":true,"href":"https:\/\/zonaroja.com.mx\/index.php?rest_route=%2Fwp%2Fv2%2Fcomments&post=54853"}],"version-history":[{"count":1,"href":"https:\/\/zonaroja.com.mx\/index.php?rest_route=\/wp\/v2\/posts\/54853\/revisions"}],"predecessor-version":[{"id":54856,"href":"https:\/\/zonaroja.com.mx\/index.php?rest_route=\/wp\/v2\/posts\/54853\/revisions\/54856"}],"wp:featuredmedia":[{"embeddable":true,"href":"https:\/\/zonaroja.com.mx\/index.php?rest_route=\/wp\/v2\/media\/54855"}],"wp:attachment":[{"href":"https:\/\/zonaroja.com.mx\/index.php?rest_route=%2Fwp%2Fv2%2Fmedia&parent=54853"}],"wp:term":[{"taxonomy":"category","embeddable":true,"href":"https:\/\/zonaroja.com.mx\/index.php?rest_route=%2Fwp%2Fv2%2Fcategories&post=54853"},{"taxonomy":"post_tag","embeddable":true,"href":"https:\/\/zonaroja.com.mx\/index.php?rest_route=%2Fwp%2Fv2%2Ftags&post=54853"}],"curies":[{"name":"wp","href":"https:\/\/api.w.org\/{rel}","templated":true}]}}