{"id":54857,"date":"2023-05-03T09:32:00","date_gmt":"2023-05-03T14:32:00","guid":{"rendered":"http:\/\/www.zonaroja.com.mx\/?p=54857"},"modified":"2023-05-03T08:34:18","modified_gmt":"2023-05-03T13:34:18","slug":"martes-de-terror-ocho-asesinados-en-michoacan-matan-a-mujer-que-buscaba-a-su-hijo","status":"publish","type":"post","link":"https:\/\/zonaroja.com.mx\/?p=54857","title":{"rendered":"Martes de terror: ocho asesinados en Michoac\u00e1n; matan a mujer que buscaba a su hijo"},"content":{"rendered":"\n<p>Redacci\u00f3n\/Zona Roja Cdmx.<\/p>\n\n\n\n<p>Ciudad de M\u00e9xico, a 3 de mayo de 2023.- Martes roja en M\u00e9xico: ocho personas asesinadas en Michoac\u00e1n durante un enfrentamiento; una madre buscadora de su hijo ultimada; un MP federal ejecutado en Guerrero; dos encobijados y maniatados en Nuevo Le\u00f3n.<\/p>\n\n\n\n<p>Anoche, autoridades del gobierno michoacano confirmaron el saldo de ocho v\u00edctimas, todas civiles, tras un enfrentamiento armado entre miembros del Ej\u00e9rcito Mexicano y grupos del crimen organizado.<\/p>\n\n\n\n<p>Los hechos ocurrieron en la zona serrana de los municipios de&nbsp;Ixtl\u00e1n&nbsp;y Ecuandureo; entre las personas fallecidas se encuentran dos mujeres y las v\u00edctimas a\u00fan no han sido identificadas.<\/p>\n\n\n\n<p>Mientras que en la comunidad de San Miguel Octopan, del estado de Guanajuato, la se\u00f1ora Teresa Magueyal fue asesinada a balazos presuntamente por dos sujetos que se desplazaban a bordo de una motocicleta.<\/p>\n\n\n\n<p>Fue al mediod\u00eda de ayer en que fue ultimada la mujer que buscaba a su hijo desaparecido el 6 de abril de 2020 y formaba parte del colectivo \u201cUna promesa por cumplir\u201d.<\/p>\n\n\n\n<p>Mientras que en un gimnasio de la ciudad de Acapulco, Guerrero, fue ejecutado a balazos un elemento del Ministerio P\u00fablico federal, identificado como Carlos B. Hasta el momento se desconoce qui\u00e9n o qui\u00e9nes lo asesinaron.<\/p>\n\n\n\n<p>En el municipio de Ju\u00e1rez, Nuevo Le\u00f3n, fueron hallados dos cuerpos encobijados y maniatados; se hallaban en una brecha ubicada a orillas de la autopista a Reynosa, en un camino de terracer\u00eda que conduce el Ejido Calder\u00f3n; a\u00fan no han sido identificados.<\/p>\n","protected":false},"excerpt":{"rendered":"<p>Redacci\u00f3n\/Zona Roja Cdmx. Ciudad de M\u00e9xico, a 3 de mayo de 2023.- Martes roja en&hellip;<\/p>\n","protected":false},"author":2,"featured_media":54456,"comment_status":"closed","ping_status":"open","sticky":false,"template":"","format":"standard","meta":{"_lmt_disableupdate":"","_lmt_disable":"","_jetpack_memberships_contains_paid_content":false,"footnotes":""},"categories":[109,51],"tags":[1746],"class_list":["post-54857","post","type-post","status-publish","format-standard","has-post-thumbnail","hentry","category-minuto-a-minuto","category-zona-roja","tag-violencia-en-mexico"],"jetpack_featured_media_url":"https:\/\/zonaroja.com.mx\/wp-content\/uploads\/2023\/04\/Escena-crimen-homicidio-violencia-asesinato.webp","jetpack_sharing_enabled":true,"_links":{"self":[{"href":"https:\/\/zonaroja.com.mx\/index.php?rest_route=\/wp\/v2\/posts\/54857","targetHints":{"allow":["GET"]}}],"collection":[{"href":"https:\/\/zonaroja.com.mx\/index.php?rest_route=\/wp\/v2\/posts"}],"about":[{"href":"https:\/\/zonaroja.com.mx\/index.php?rest_route=\/wp\/v2\/types\/post"}],"author":[{"embeddable":true,"href":"https:\/\/zonaroja.com.mx\/index.php?rest_route=\/wp\/v2\/users\/2"}],"replies":[{"embeddable":true,"href":"https:\/\/zonaroja.com.mx\/index.php?rest_route=%2Fwp%2Fv2%2Fcomments&post=54857"}],"version-history":[{"count":1,"href":"https:\/\/zonaroja.com.mx\/index.php?rest_route=\/wp\/v2\/posts\/54857\/revisions"}],"predecessor-version":[{"id":54858,"href":"https:\/\/zonaroja.com.mx\/index.php?rest_route=\/wp\/v2\/posts\/54857\/revisions\/54858"}],"wp:featuredmedia":[{"embeddable":true,"href":"https:\/\/zonaroja.com.mx\/index.php?rest_route=\/wp\/v2\/media\/54456"}],"wp:attachment":[{"href":"https:\/\/zonaroja.com.mx\/index.php?rest_route=%2Fwp%2Fv2%2Fmedia&parent=54857"}],"wp:term":[{"taxonomy":"category","embeddable":true,"href":"https:\/\/zonaroja.com.mx\/index.php?rest_route=%2Fwp%2Fv2%2Fcategories&post=54857"},{"taxonomy":"post_tag","embeddable":true,"href":"https:\/\/zonaroja.com.mx\/index.php?rest_route=%2Fwp%2Fv2%2Ftags&post=54857"}],"curies":[{"name":"wp","href":"https:\/\/api.w.org\/{rel}","templated":true}]}}