{"id":54861,"date":"2023-05-03T12:48:00","date_gmt":"2023-05-03T17:48:00","guid":{"rendered":"http:\/\/www.zonaroja.com.mx\/?p=54861"},"modified":"2023-05-03T08:51:21","modified_gmt":"2023-05-03T13:51:21","slug":"la-libertad-de-prensa-sufre-ataques-en-cada-rincon-del-mundo-acusa-la-onu","status":"publish","type":"post","link":"https:\/\/zonaroja.com.mx\/?p=54861","title":{"rendered":"La libertad de prensa sufre ataques en cada rinc\u00f3n del mundo, acusa la ONU"},"content":{"rendered":"\n<p>Redacci\u00f3n\/Zona Roja Cdmx.<\/p>\n\n\n\n<p>Ciudad de M\u00e9xico, a 3 de mayo de 2023.- Periodistas acosados, encarcelados o asesinados en todo el mundo. Organizaciones internacionales y medios de comunicaci\u00f3n expresaron ayer su alarma por las amenazas y desaf\u00edos que viven quienes ejercen el periodismo, en v\u00edsperas del 30 aniversario del D\u00eda Internacional de la Libertad de Prensa.<\/p>\n\n\n\n<p>Aunque se trata del elemento fundamental de los derechos humanos, \u201cen todos los rincones del mundo la libertad de prensa es atacada\u201d, denunci\u00f3 el secretario general de la Organizaci\u00f3n de Naciones Unidas (ONU), Antonio Guterres.<\/p>\n\n\n\n<p>\u201cLos periodistas son objeto de ataques directos en el desempe\u00f1o fundamental de su labor dentro y fuera de Internet. Se les acosa, intimida, detiene y encarcela sistem\u00e1ticamente\u201d, alert\u00f3 Guterres en una conferencia organizada por la Organizaci\u00f3n de Naciones Unidas para la Educaci\u00f3n la Ciencia y la Cultura (Unesco).<\/p>\n\n\n\n<p>Sin citar nombres ni pa\u00edses, otros participantes recordaron casos como el del periodista estadunidense del \u201cWall Street Journal\u201d Evan Gersh-kovich, detenido en Rusia por acusaciones de espionaje que \u00e9l niega.<\/p>\n\n\n\n<p>\u201cVengo de un pa\u00eds, Ir\u00e1n, donde ser periodista es un delito que puede suponer la c\u00e1rcel, que te maten o te torturen\u201d, expres\u00f3 la comunicadora y defensora de los derechos de las mujeres Masih Alinejad, quien vive exiliada en Estados Unidos.<\/p>\n\n\n\n<p>Es una situaci\u00f3n \u201cinaceptable\u201d, denunci\u00f3 la directora general de la Unesco, Audrey Azoulay, al se\u00f1alar que muchos periodistas fueron asesinados \u201cen su domicilio, delante de sus familias\u201d.<\/p>\n\n\n\n<p>VERDAD AMENAZADA<\/p>\n\n\n\n<p>M\u00e1s all\u00e1 de los ataques a los periodistas, \u201cla avalancha de la era digital modifica completamente el paisaje de la informaci\u00f3n\u201d, advirti\u00f3 Azoulay. Y agreg\u00f3: \u201choy m\u00e1s que nunca necesitamos\u201d a los periodistas.<\/p>\n\n\n\n<p>\u201cLa verdad est\u00e1 amenazada por la desinformaci\u00f3n y los discursos de odio que tratan de difuminar los l\u00edmites entre realidad y ficci\u00f3n, entre ciencia y conspiraciones\u201d, sostuvo por su parte el secretario general de la ONU.<\/p>\n\n\n\n<p>Guterres tambi\u00e9n advirti\u00f3 sobre el \u201caumento de la concentraci\u00f3n de la industria de los medios en manos de unos pocos y la quiebra de muchos medios independientes\u201d.<\/p>\n\n\n\n<p>\u201cLa tecnolog\u00eda, que ha dado a los periodistas la posibilidad de llegar a la gente en cualquier lugar, ha socavado el modelo econ\u00f3mico de la informaci\u00f3n\u201d, se\u00f1al\u00f3 Arthur Gregg Sulzberger, director del \u201cNew York Times\u201d.<\/p>\n\n\n\n<p>(Informaci\u00f3n de la agencia AFP en \u201cLa Jornada\u201d)<\/p>\n","protected":false},"excerpt":{"rendered":"<p>Redacci\u00f3n\/Zona Roja Cdmx. Ciudad de M\u00e9xico, a 3 de mayo de 2023.- Periodistas acosados, encarcelados&hellip;<\/p>\n","protected":false},"author":2,"featured_media":36838,"comment_status":"closed","ping_status":"open","sticky":false,"template":"","format":"standard","meta":{"_lmt_disableupdate":"","_lmt_disable":"","_jetpack_memberships_contains_paid_content":false,"footnotes":""},"categories":[109,47],"tags":[3531],"class_list":["post-54861","post","type-post","status-publish","format-standard","has-post-thumbnail","hentry","category-minuto-a-minuto","category-zona-gris","tag-dia-mundial-de-la-liberrtad-de-prensa"],"jetpack_featured_media_url":"https:\/\/zonaroja.com.mx\/wp-content\/uploads\/2022\/01\/Periodismo-prensa-violencia-periodistas.jpeg","jetpack_sharing_enabled":true,"_links":{"self":[{"href":"https:\/\/zonaroja.com.mx\/index.php?rest_route=\/wp\/v2\/posts\/54861","targetHints":{"allow":["GET"]}}],"collection":[{"href":"https:\/\/zonaroja.com.mx\/index.php?rest_route=\/wp\/v2\/posts"}],"about":[{"href":"https:\/\/zonaroja.com.mx\/index.php?rest_route=\/wp\/v2\/types\/post"}],"author":[{"embeddable":true,"href":"https:\/\/zonaroja.com.mx\/index.php?rest_route=\/wp\/v2\/users\/2"}],"replies":[{"embeddable":true,"href":"https:\/\/zonaroja.com.mx\/index.php?rest_route=%2Fwp%2Fv2%2Fcomments&post=54861"}],"version-history":[{"count":1,"href":"https:\/\/zonaroja.com.mx\/index.php?rest_route=\/wp\/v2\/posts\/54861\/revisions"}],"predecessor-version":[{"id":54862,"href":"https:\/\/zonaroja.com.mx\/index.php?rest_route=\/wp\/v2\/posts\/54861\/revisions\/54862"}],"wp:featuredmedia":[{"embeddable":true,"href":"https:\/\/zonaroja.com.mx\/index.php?rest_route=\/wp\/v2\/media\/36838"}],"wp:attachment":[{"href":"https:\/\/zonaroja.com.mx\/index.php?rest_route=%2Fwp%2Fv2%2Fmedia&parent=54861"}],"wp:term":[{"taxonomy":"category","embeddable":true,"href":"https:\/\/zonaroja.com.mx\/index.php?rest_route=%2Fwp%2Fv2%2Fcategories&post=54861"},{"taxonomy":"post_tag","embeddable":true,"href":"https:\/\/zonaroja.com.mx\/index.php?rest_route=%2Fwp%2Fv2%2Ftags&post=54861"}],"curies":[{"name":"wp","href":"https:\/\/api.w.org\/{rel}","templated":true}]}}