{"id":54866,"date":"2023-05-03T14:59:44","date_gmt":"2023-05-03T19:59:44","guid":{"rendered":"http:\/\/www.zonaroja.com.mx\/?p=54866"},"modified":"2023-05-03T14:59:47","modified_gmt":"2023-05-03T19:59:47","slug":"maestros-viajan-hasta-9-horas-a-dar-clases-a-amoltepec-y-gobierno-no-quiere-garantizar-seguridad","status":"publish","type":"post","link":"https:\/\/zonaroja.com.mx\/?p=54866","title":{"rendered":"Maestros viajan hasta 9 horas a dar clases a Amoltepec\u2026 y gobierno no quiere garantizar seguridad"},"content":{"rendered":"\n<p>Yuridiana Sosa\/Zona Roja.<\/p>\n\n\n\n<p>Oaxaca de Ju\u00e1rez, Oax., a 3 de mayo de 2023.- Desde hace seis a\u00f1os, el profesor Celso Ram\u00edrez, como muchos de sus compa\u00f1eros, viaja hasta nueve horas para llegar a su centro de trabajo en el municipio de Santiago Amoltepec, trayecto que se vuelve incierto ante la inseguridad y violencia que prevalece en la zona.<\/p>\n\n\n\n<p>Con el temor de no llegar a su plantel, o no volver a casa, Celso Ram\u00edrez, representante del nivel de Escuelas T\u00e9cnicas de la Secci\u00f3n 22 del SNTE en Amoltepec, emprende sus viajes; de la capital hacia dicho municipio en la Sierra Sur son unas ocho horas y despu\u00e9s una hora m\u00e1s para llegar a la poblaci\u00f3n donde labora.&nbsp;<\/p>\n\n\n\n<p>Durante el mitin en el kiosco de la capital, tras la protesta frente a Palacio de Gobierno, el profesor se\u00f1al\u00f3 que el Gobierno del Estado desestima la labor del magisterio al no generar las condiciones para que lleguen a sus escuelas ni para que permanezcan en las poblaciones.<\/p>\n\n\n\n<p>En los seis a\u00f1os de su estancia en Amoltepec , Celso Ram\u00edrez apunta que no ha visto ning\u00fan acto de justicia ni seguridad, situaci\u00f3n que empeor\u00f3 en los \u00faltimos meses dejando un saldo de cuatro maestros asesinados en la zona.<\/p>\n\n\n\n<p>Fue por ello que bajo el consenso de 250 docentes, de todos los niveles educativos y con el respaldo de las autoridades comunitarias que decidieron salir de Santiago Amoltepec para ponerse a salvo y exigir al gobierno de Salom\u00f3n Jara seguridad permanente.<\/p>\n\n\n\n<p>Desde hace dos semanas se suspendieron clases en m\u00e1s de 70 planteles de todos los niveles educativos, afectando a unos cuatro mil 500 estudiantes.<\/p>\n\n\n\n<p>Para exigir atenci\u00f3n, los docentes de la Secci\u00f3n 22 del Sindicato Nacional de Trabajadores de la Educaci\u00f3n asignados en Santiago Amoltepec se manifestaron hoy frente a Palacio de Gobierno.<\/p>\n\n\n\n<figure class=\"wp-block-embed\"><div class=\"wp-block-embed__wrapper\">\n<div class=\"twitter-tweet\"><blockquote class=\"twitter-tweet\" data-lang=\"es\"><p lang=\"es\" dir=\"ltr\">Tras la protesta frente al Palacio de Gobierno, docentes y dirigentes de la Secci\u00f3n 22 del SNTE efectuaron un mitin en el kiosco de la capital oaxaque\u00f1a, donde reiteraron la denuncia sobre la negligencia de la <a href=\"https:\/\/twitter.com\/SSPC_GobOax?ref_src=twsrc%5Etfw\">@SSPC_GobOax<\/a> y la <a href=\"https:\/\/twitter.com\/SEGO_Oax?ref_src=twsrc%5Etfw\">@SEGO_Oax<\/a> para atender la demanda de seguridad. <a href=\"https:\/\/t.co\/Ws6ebOISUb\">pic.twitter.com\/Ws6ebOISUb<\/a><\/p>&mdash; Zona Roja Oaxaca (@ZonaRoja_Oaxaca) <a href=\"https:\/\/twitter.com\/ZonaRoja_Oaxaca\/status\/1653837431056273408?ref_src=twsrc%5Etfw\">3 de mayo de 2023<\/a><\/blockquote><\/div>\n<\/div><\/figure>\n\n\n\n<p>Recordaron que el gobierno de Jara Cruz, a trav\u00e9s de la Secretar\u00eda de Seguridad, no ha cumplido con recorridos permanentes de la Polic\u00eda Estatal, ni con su intervenci\u00f3n para solicitar la presencia de la Guardia Nacional.<\/p>\n\n\n\n<p>Los profesores se\u00f1alaron&nbsp;que la Polic\u00eda Estatal no ha representado m\u00e1s seguridad, pues existe poco respeto a esta corporaci\u00f3n, por lo que demandan a la Guardia Nacional.<\/p>\n\n\n\n<p>LIMITADOS RECORRIDOS<\/p>\n\n\n\n<p>Previo a ello, el secretario de Seguridad P\u00fablica y Protecci\u00f3n Ciudadana de Oaxaca, Iv\u00e1n Garc\u00eda \u00c1lvarez, indic\u00f3 que la Polic\u00eda Estatal realiza recorridos aleatorios en Santiago Amoltepec, en respuesta de la petici\u00f3n de la Secci\u00f3n 22 del SNTE.<\/p>\n\n\n\n<p>La limitaci\u00f3n a su labor, dijo, es debido a que la autoridad municipal no les proporcion\u00f3 instalaciones para que los elementos pudieran estar de manera permanente, por lo que no encontraron condiciones para su estancia.<\/p>\n\n\n\n<p>En conferencia de prensa del Gabinete de seguridad, Garc\u00eda \u00c1lvarez reconoci\u00f3 que para el magisterio no es suficiente y por ello exigen la presencia de la Guardia Nacional.<\/p>\n\n\n\n<p>En ese sentido el secretario de Gobierno, Jes\u00fas Romero, apunt\u00f3 que este mi\u00e9rcoles se re\u00fane con la Guardia Nacional, donde le presentar\u00e1n la petici\u00f3n.<\/p>\n","protected":false},"excerpt":{"rendered":"<p>Yuridiana Sosa\/Zona Roja. Oaxaca de Ju\u00e1rez, Oax., a 3 de mayo de 2023.- Desde hace&hellip;<\/p>\n","protected":false},"author":2,"featured_media":54865,"comment_status":"closed","ping_status":"open","sticky":false,"template":"","format":"standard","meta":{"_lmt_disableupdate":"","_lmt_disable":"","_jetpack_memberships_contains_paid_content":false,"footnotes":""},"categories":[109,47],"tags":[],"class_list":["post-54866","post","type-post","status-publish","format-standard","has-post-thumbnail","hentry","category-minuto-a-minuto","category-zona-gris"],"jetpack_featured_media_url":"https:\/\/zonaroja.com.mx\/wp-content\/uploads\/2023\/05\/128364b4-3cd9-44b2-84ac-f6c47d85419a.jpg","jetpack_sharing_enabled":true,"_links":{"self":[{"href":"https:\/\/zonaroja.com.mx\/index.php?rest_route=\/wp\/v2\/posts\/54866","targetHints":{"allow":["GET"]}}],"collection":[{"href":"https:\/\/zonaroja.com.mx\/index.php?rest_route=\/wp\/v2\/posts"}],"about":[{"href":"https:\/\/zonaroja.com.mx\/index.php?rest_route=\/wp\/v2\/types\/post"}],"author":[{"embeddable":true,"href":"https:\/\/zonaroja.com.mx\/index.php?rest_route=\/wp\/v2\/users\/2"}],"replies":[{"embeddable":true,"href":"https:\/\/zonaroja.com.mx\/index.php?rest_route=%2Fwp%2Fv2%2Fcomments&post=54866"}],"version-history":[{"count":1,"href":"https:\/\/zonaroja.com.mx\/index.php?rest_route=\/wp\/v2\/posts\/54866\/revisions"}],"predecessor-version":[{"id":54867,"href":"https:\/\/zonaroja.com.mx\/index.php?rest_route=\/wp\/v2\/posts\/54866\/revisions\/54867"}],"wp:featuredmedia":[{"embeddable":true,"href":"https:\/\/zonaroja.com.mx\/index.php?rest_route=\/wp\/v2\/media\/54865"}],"wp:attachment":[{"href":"https:\/\/zonaroja.com.mx\/index.php?rest_route=%2Fwp%2Fv2%2Fmedia&parent=54866"}],"wp:term":[{"taxonomy":"category","embeddable":true,"href":"https:\/\/zonaroja.com.mx\/index.php?rest_route=%2Fwp%2Fv2%2Fcategories&post=54866"},{"taxonomy":"post_tag","embeddable":true,"href":"https:\/\/zonaroja.com.mx\/index.php?rest_route=%2Fwp%2Fv2%2Ftags&post=54866"}],"curies":[{"name":"wp","href":"https:\/\/api.w.org\/{rel}","templated":true}]}}