{"id":54873,"date":"2023-05-03T20:08:00","date_gmt":"2023-05-04T01:08:00","guid":{"rendered":"http:\/\/www.zonaroja.com.mx\/?p=54873"},"modified":"2023-05-03T18:12:39","modified_gmt":"2023-05-03T23:12:39","slug":"mujeres-se-ganaron-derecho-a-la-libre-expresion-pero-hoy-enfrentan-violencia","status":"publish","type":"post","link":"https:\/\/zonaroja.com.mx\/?p=54873","title":{"rendered":"Mujeres se ganaron derecho a la libre expresi\u00f3n, pero hoy enfrentan violencia"},"content":{"rendered":"\n<p>Yuridiana Sosa\/Zona Roja.<\/p>\n\n\n\n<p>Oaxaca de Ju\u00e1rez, Oax., a 3 de mayo de 2023.- La lucha de las mujeres en la sociedad y desde la prensa para ganar sus derechos present\u00f3 un cambio explosivo en los \u00faltimos cuatro a\u00f1os, de lo que parte de eso se atribuye a las nuevas generaciones feministas, se\u00f1al\u00f3 la periodista Sara Lovera L\u00f3pez en su visita a Oaxaca.<\/p>\n\n\n\n<p>Con motivo del D\u00eda de Mundial de la Libertad de Prensa, que se conmemora este 3 de mayo, la destacada periodista y activista mexicana ofreci\u00f3 la conferencia magistral \u00abPeriodista Feminista 4.0\u00bb, organizada por la Defensor\u00eda de los Derechos Humanos del Pueblo de Oaxaca.<\/p>\n\n\n\n<p>Lovera L\u00f3pez habl\u00f3 de la participaci\u00f3n de las mujeres en M\u00e9xico en el \u00faltimo siglo, desde el \u00e1mbito period\u00edstico y social, que ayudaron al reconocimiento de sus derechos pol\u00edticos y humanos, y por los cuales hasta la fecha se sigue luchando.<\/p>\n\n\n\n<p>Sin embargo, asever\u00f3 que esos esfuerzos han valido la pena, pues \u201choy hay un cambio trascendente, y en 2023 el derecho de la libre expresi\u00f3n de las mujeres est\u00e1 garantizado y ganado. Hemos roto todas las puertas, y hoy somos noticia\u201d.<\/p>\n\n\n\n<p>La periodista dijo que desde hace cuatro a\u00f1os se vive ese cambio trascendente de manera explosiva.<\/p>\n\n\n\n<p>Dicho cambio lo atribuye a cuatro situaciones, el primero de ellos al nuevo movimiento feminista \u2013internacional- presente en M\u00e9xico, que se ha encargado de visibilizar la agenda pendiente en los derechos desde hace varias d\u00e9cadas, pues \u201ctenemos todos los derechos escritos, pero nos siguen matando\u201d.<\/p>\n\n\n\n<p>Otro es al ingreso creciente de las plantillas laborales de mujeres universitarias sensibilizadas en g\u00e9nero; a las pol\u00edticas oficiales de reconocimiento de la desigualdad y a una coyuntura pol\u00edtica que ha repercutido en los cambios de pol\u00edticas editoriales y los principales medios de comunicaci\u00f3n.<\/p>\n\n\n\n<figure class=\"wp-block-embed is-type-rich is-provider-twitter wp-block-embed-twitter\"><div class=\"wp-block-embed__wrapper\">\n<div class=\"twitter-tweet\"><blockquote class=\"twitter-tweet\" data-lang=\"es\"><p lang=\"es\" dir=\"ltr\">La destacada periodista Sara Lovera (<a href=\"https:\/\/twitter.com\/SaraLoveraLpez?ref_src=twsrc%5Etfw\">@SaraLoveraLpez<\/a>) -pionera en este g\u00e9nero de la informaci\u00f3n- habl\u00f3 en Oaxaca de la lucha de las mujeres en el trabajo informativo, bajo el tema \u201cPeriodismo feminista 4.0\u201d, invitada por la <a href=\"https:\/\/twitter.com\/DDHPO?ref_src=twsrc%5Etfw\">@DDHPO<\/a>. <a href=\"https:\/\/t.co\/eOp3LmPOWd\">pic.twitter.com\/eOp3LmPOWd<\/a><\/p>&mdash; Zona Roja Oaxaca (@ZonaRoja_Oaxaca) <a href=\"https:\/\/twitter.com\/ZonaRoja_Oaxaca\/status\/1653866330762665985?ref_src=twsrc%5Etfw\">3 de mayo de 2023<\/a><\/blockquote><\/div>\n<\/div><\/figure>\n\n\n\n<p>BAJO FUEGO<\/p>\n\n\n\n<p>Por otra parte, otro de los retos que tanto mujeres como hombres enfrentan en su labor y en ejercer su derecho a la libre expresi\u00f3n es la violencia.<\/p>\n\n\n\n<p>La periodista dijo que hoy las y los periodistas \u201ctrabajan en un campo minado por la violencia generalizada en el pa\u00eds, m\u00e1s la confrontaci\u00f3n por la polarizaci\u00f3n de la sociedad\u201d.<\/p>\n\n\n\n<p>Lo que lleva a los trabajadores de los medios a \u201ctrabajar saltando las dificultades que eso significa\u201d, una situaci\u00f3n que no se hab\u00eda vivido antes, ni en la \u00e9poca de la guerrilla.<\/p>\n\n\n\n<p>\u201cHoy no podemos distinguir en esta confusi\u00f3n de la violencia lo que es violencia pol\u00edtica de represi\u00f3n, de intereses econ\u00f3micos, o la confrontaci\u00f3n de grupos del narco y en el medio quedamos nosotras y nosotros, tratando de informar\u201d, destac\u00f3.<\/p>\n\n\n\n<p>Por ello puntualiz\u00f3 que es importante comprender que la tarea period\u00edstica no es representar a alguno de estos grupos sino contar lo que pasa en cada pueblo y comunidad, investigar, verificar y difundir lo que pasa de la mejor manera posible, en todos los medios.<\/p>\n","protected":false},"excerpt":{"rendered":"<p>Yuridiana Sosa\/Zona Roja. Oaxaca de Ju\u00e1rez, Oax., a 3 de mayo de 2023.- La lucha&hellip;<\/p>\n","protected":false},"author":2,"featured_media":54871,"comment_status":"closed","ping_status":"open","sticky":false,"template":"","format":"standard","meta":{"_lmt_disableupdate":"","_lmt_disable":"","_jetpack_memberships_contains_paid_content":false,"footnotes":""},"categories":[109,46],"tags":[2299],"class_list":["post-54873","post","type-post","status-publish","format-standard","has-post-thumbnail","hentry","category-minuto-a-minuto","category-zona-blanca","tag-sara-lovera"],"jetpack_featured_media_url":"https:\/\/zonaroja.com.mx\/wp-content\/uploads\/2023\/05\/Sara-Lovera-DDHPO-Elizabeth-Lara.jpg","jetpack_sharing_enabled":true,"_links":{"self":[{"href":"https:\/\/zonaroja.com.mx\/index.php?rest_route=\/wp\/v2\/posts\/54873","targetHints":{"allow":["GET"]}}],"collection":[{"href":"https:\/\/zonaroja.com.mx\/index.php?rest_route=\/wp\/v2\/posts"}],"about":[{"href":"https:\/\/zonaroja.com.mx\/index.php?rest_route=\/wp\/v2\/types\/post"}],"author":[{"embeddable":true,"href":"https:\/\/zonaroja.com.mx\/index.php?rest_route=\/wp\/v2\/users\/2"}],"replies":[{"embeddable":true,"href":"https:\/\/zonaroja.com.mx\/index.php?rest_route=%2Fwp%2Fv2%2Fcomments&post=54873"}],"version-history":[{"count":1,"href":"https:\/\/zonaroja.com.mx\/index.php?rest_route=\/wp\/v2\/posts\/54873\/revisions"}],"predecessor-version":[{"id":54874,"href":"https:\/\/zonaroja.com.mx\/index.php?rest_route=\/wp\/v2\/posts\/54873\/revisions\/54874"}],"wp:featuredmedia":[{"embeddable":true,"href":"https:\/\/zonaroja.com.mx\/index.php?rest_route=\/wp\/v2\/media\/54871"}],"wp:attachment":[{"href":"https:\/\/zonaroja.com.mx\/index.php?rest_route=%2Fwp%2Fv2%2Fmedia&parent=54873"}],"wp:term":[{"taxonomy":"category","embeddable":true,"href":"https:\/\/zonaroja.com.mx\/index.php?rest_route=%2Fwp%2Fv2%2Fcategories&post=54873"},{"taxonomy":"post_tag","embeddable":true,"href":"https:\/\/zonaroja.com.mx\/index.php?rest_route=%2Fwp%2Fv2%2Ftags&post=54873"}],"curies":[{"name":"wp","href":"https:\/\/api.w.org\/{rel}","templated":true}]}}