{"id":54878,"date":"2023-05-03T20:23:24","date_gmt":"2023-05-04T01:23:24","guid":{"rendered":"http:\/\/www.zonaroja.com.mx\/?p=54878"},"modified":"2023-05-03T21:30:32","modified_gmt":"2023-05-04T02:30:32","slug":"delegada-del-inm-en-oaxaca-paola-lopez-rodas-es-investigada-por-corrupcion","status":"publish","type":"post","link":"https:\/\/zonaroja.com.mx\/?p=54878","title":{"rendered":"Delegada del INM en Oaxaca, Paola L\u00f3pez Rodas, es investigada por corrupci\u00f3n"},"content":{"rendered":"\n<p>Yuridiana Sosa\/Zona Roja.<\/p>\n\n\n\n<p>Oaxaca de Ju\u00e1rez, Oax., a 3 de mayo de 2023.- La delegada del Instituto Nacional de Migraci\u00f3n en Oaxaca, Paola L\u00f3pez Rodas, es investigada por la Fiscal\u00eda General de la Rep\u00fablica por el delito de cohecho por la venta de documentos oficiales ficticios para el tr\u00e1fico de migrantes en M\u00e9xico.<\/p>\n\n\n\n<p>El caso fue exhibido en un reportaje por \u201cN M\u00e1s\u201d, en el noticiero \u201cEn Punto\u201d de Televisa con Enrique Acevedo, el que dan a conocer casos de migrantes que han comprado hasta por dos mil d\u00f3lares documentos emitidos por la Fiscal\u00eda de Chiapas, con sellos oficiales, para que obtengan la tarjeta de visa humanitaria para transitar por nuestro pa\u00eds.<\/p>\n\n\n\n<p>Rodas L\u00f3pez es parte de la lista de 45 funcionarios y agentes del INM, adscritos a la delegaci\u00f3n de Chiapas y Oaxaca, que son investigados por la FGR por extorsionar y vender documentos oficiales a extranjeros.<\/p>\n\n\n\n<p>La delegada del INM en Oaxaca fungi\u00f3 como representante en Chiapas de diciembre de 2021 a enero de 2023, periodo en el que tambi\u00e9n fue se\u00f1alada por los malos tratos a los migrantes y posteriormente, denunciada por actos de corrupci\u00f3n.<\/p>\n\n\n\n<p>De acuerdo a la investigaci\u00f3n de \u201cN M\u00e1s\u201d, desde la Fiscal\u00eda de Chiapas se abrieron carpetas de investigaciones falsas en el que los migrantes eran v\u00edctimas, y con ello poder realizar los tr\u00e1mites de la visa humanitaria.<\/p>\n\n\n\n<figure class=\"wp-block-embed\"><div class=\"wp-block-embed__wrapper\">\n<div class=\"twitter-tweet\"><blockquote class=\"twitter-tweet\" data-lang=\"es\"><p lang=\"es\" dir=\"ltr\">La llegada de cientos de miles de migrantes a M\u00e9xico se ha convertido en un negocio para criminales que trafican con personas y para algunas autoridades. <a href=\"https:\/\/twitter.com\/hashtag\/EnPunto?src=hash&amp;ref_src=twsrc%5Etfw\">#EnPunto<\/a> con <a href=\"https:\/\/twitter.com\/Enrique_Acevedo?ref_src=twsrc%5Etfw\">@enrique_acevedo<\/a> | <a href=\"https:\/\/twitter.com\/hashtag\/DecideInformado?src=hash&amp;ref_src=twsrc%5Etfw\">#DecideInformado<\/a> | S\u00edguelo por <a href=\"https:\/\/t.co\/JpgbIc5YLX\">https:\/\/t.co\/JpgbIc5YLX<\/a> <a href=\"https:\/\/t.co\/a5GazB54iQ\">pic.twitter.com\/a5GazB54iQ<\/a><\/p>&mdash; NM\u00e1s (@nmas) <a href=\"https:\/\/twitter.com\/nmas\/status\/1653624516868726786?ref_src=twsrc%5Etfw\">3 de mayo de 2023<\/a><\/blockquote><\/div>\n<\/div><\/figure>\n\n\n\n<p>El pasado mes de febrero de este a\u00f1o la FGR solicit\u00f3 al Instituto Nacional de Migraci\u00f3n informar sobre el estatus laboral de los servidores p\u00fablicos que tiene en investigaci\u00f3n, es decir, si siguen como funcionario o no, pero no ha ofrecido respuestas, se indic\u00f3 en el reportaje.<\/p>\n\n\n\n<p>ESPOSO DETENIDO<\/p>\n\n\n\n<p>En abril de 2022 se dio a conocer sobre la detenci\u00f3n de Juan Pablo \u201cN\u201d, esposo de la entonces delegada del INM en Chiapas, Paola L\u00f3pez Rodas, por su presunta participaci\u00f3n en una red de tr\u00e1fico de personas.<\/p>\n\n\n\n<p>Entre los hechos en los que pudo estar involucrado fue la muerte de 55 migrantes en la volcadura de tr\u00e1iler en Chiapa de Corzo a finales del 2021, indicaron medios locales.<\/p>\n\n\n\n<p>Hasta 2021 Juan Pablo \u201cN\u201d fungi\u00f3 como encargado del \u00e1rea ganadera de la Secretar\u00eda de Agricultura y Desarrollo Rural (Sader) en la Regi\u00f3n 08 en Tapachula.<\/p>\n","protected":false},"excerpt":{"rendered":"<p>Yuridiana Sosa\/Zona Roja. Oaxaca de Ju\u00e1rez, Oax., a 3 de mayo de 2023.- La delegada&hellip;<\/p>\n","protected":false},"author":2,"featured_media":54869,"comment_status":"closed","ping_status":"open","sticky":false,"template":"","format":"standard","meta":{"_lmt_disableupdate":"","_lmt_disable":"","_jetpack_memberships_contains_paid_content":false,"footnotes":""},"categories":[109,47],"tags":[3533],"class_list":["post-54878","post","type-post","status-publish","format-standard","has-post-thumbnail","hentry","category-minuto-a-minuto","category-zona-gris","tag-paola-lopez-rodas"],"jetpack_featured_media_url":"https:\/\/zonaroja.com.mx\/wp-content\/uploads\/2023\/05\/Delegada-Instituto-Nacional-de-Migracion-Paola-Lopez.jpg","jetpack_sharing_enabled":true,"_links":{"self":[{"href":"https:\/\/zonaroja.com.mx\/index.php?rest_route=\/wp\/v2\/posts\/54878","targetHints":{"allow":["GET"]}}],"collection":[{"href":"https:\/\/zonaroja.com.mx\/index.php?rest_route=\/wp\/v2\/posts"}],"about":[{"href":"https:\/\/zonaroja.com.mx\/index.php?rest_route=\/wp\/v2\/types\/post"}],"author":[{"embeddable":true,"href":"https:\/\/zonaroja.com.mx\/index.php?rest_route=\/wp\/v2\/users\/2"}],"replies":[{"embeddable":true,"href":"https:\/\/zonaroja.com.mx\/index.php?rest_route=%2Fwp%2Fv2%2Fcomments&post=54878"}],"version-history":[{"count":2,"href":"https:\/\/zonaroja.com.mx\/index.php?rest_route=\/wp\/v2\/posts\/54878\/revisions"}],"predecessor-version":[{"id":54881,"href":"https:\/\/zonaroja.com.mx\/index.php?rest_route=\/wp\/v2\/posts\/54878\/revisions\/54881"}],"wp:featuredmedia":[{"embeddable":true,"href":"https:\/\/zonaroja.com.mx\/index.php?rest_route=\/wp\/v2\/media\/54869"}],"wp:attachment":[{"href":"https:\/\/zonaroja.com.mx\/index.php?rest_route=%2Fwp%2Fv2%2Fmedia&parent=54878"}],"wp:term":[{"taxonomy":"category","embeddable":true,"href":"https:\/\/zonaroja.com.mx\/index.php?rest_route=%2Fwp%2Fv2%2Fcategories&post=54878"},{"taxonomy":"post_tag","embeddable":true,"href":"https:\/\/zonaroja.com.mx\/index.php?rest_route=%2Fwp%2Fv2%2Ftags&post=54878"}],"curies":[{"name":"wp","href":"https:\/\/api.w.org\/{rel}","templated":true}]}}